{"id":1155,"date":"2021-01-10T03:25:41","date_gmt":"2021-01-10T02:25:41","guid":{"rendered":"https:\/\/adventkirken.info\/arendal\/?p=1155"},"modified":"2024-07-05T10:15:08","modified_gmt":"2024-07-05T08:15:08","slug":"julegudstjenester-i-arendal","status":"publish","type":"post","link":"https:\/\/adventkirken.info\/arendal\/2021\/01\/julegudstjenester-i-arendal\/","title":{"rendered":"Julegudstjenester i Arendal"},"content":{"rendered":"\n<p>Julen i Arendal Adventistkirke ble annerledes i \u00e5r. Vi valgte derfor heller \u00e5 avholde to julegudstjenester, 19. og 26. desember. Tema for de to gudstjenestene ble: Julens historie og Julens h\u00e5p.<\/p>\n\n\n\n<p>Kjente og ukjente julesanger, lesninger og innlegg tok frem det gode med julen, s\u00e6rlig for en m\u00f8rk og v\u00e5t Koronajul: Fellesskap og vennskap, trygghet og mening \u2013 med mye lys i m\u00f8rket. Det gjorde godt den gangen &#8211; med englenes sang, foruten gjeterne, vismennene, Simon, Anna og mange flere.<\/p>\n\n\n\n<p>Maria gjemte det hele i sitt hjerte \u2013 med tro, h\u00e5p og kj\u00e6rlighet \u2013 ikke minst n\u00e5r Jesusbarnet etterhvert ble en kj\u00e6r forkynner, l\u00e6rer og frelser. Han kom den gang. Han kommer til oss alle i dag for \u00e5 hjelpe oss \u00e5 bygge Gudsriket her. Og han vil snart komme igjen for \u00e5 starte evighetens herlighetsrike.<\/p>\n\n\n\n<p>Flere av ut\u00f8verne og begge forsamlingene uttrykte at julegudstjenesten hadde gjort godt for dem \u2013 ikke minst n\u00e5 i Koronatiden. Uansett tid og sted, Gud gir oss tro, h\u00e5p og kj\u00e6rlighet.<\/p>\n\n\n\n<figure class=\"wp-block-gallery columns-4 is-cropped wp-block-gallery-1 is-layout-flex wp-block-gallery-is-layout-flex\"><ul class=\"blocks-gallery-grid\"><li class=\"blocks-gallery-item\"><figure><a href=\"https:\/\/adventkirken.info\/arendal\/wp\/wp-content\/uploads\/2021\/01\/Page-1-Image-2.jpg\"><img loading=\"lazy\" decoding=\"async\" width=\"1385\" height=\"917\" src=\"https:\/\/adventkirken.info\/arendal\/wp\/wp-content\/uploads\/2021\/01\/Page-1-Image-2.jpg\" alt=\"\" data-id=\"1157\" data-full-url=\"https:\/\/adventkirken.info\/arendal\/wp\/wp-content\/uploads\/2021\/01\/Page-1-Image-2.jpg\" data-link=\"https:\/\/adventkirken.info\/arendal\/?attachment_id=1157\" class=\"wp-image-1157\" srcset=\"https:\/\/adventkirken.info\/arendal\/wp\/wp-content\/uploads\/2021\/01\/Page-1-Image-2.jpg 1385w, https:\/\/adventkirken.info\/arendal\/wp\/wp-content\/uploads\/2021\/01\/Page-1-Image-2-300x199.jpg 300w, https:\/\/adventkirken.info\/arendal\/wp\/wp-content\/uploads\/2021\/01\/Page-1-Image-2-1024x678.jpg 1024w\" sizes=\"auto, (max-width: 1385px) 100vw, 1385px\" \/><\/a><\/figure><\/li><li class=\"blocks-gallery-item\"><figure><a href=\"https:\/\/adventkirken.info\/arendal\/wp\/wp-content\/uploads\/2021\/01\/Page-1-Image-1.jpg\"><img loading=\"lazy\" decoding=\"async\" width=\"1385\" height=\"917\" src=\"https:\/\/adventkirken.info\/arendal\/wp\/wp-content\/uploads\/2021\/01\/Page-1-Image-1.jpg\" alt=\"\" data-id=\"1156\" data-full-url=\"https:\/\/adventkirken.info\/arendal\/wp\/wp-content\/uploads\/2021\/01\/Page-1-Image-1.jpg\" data-link=\"https:\/\/adventkirken.info\/arendal\/?attachment_id=1156\" class=\"wp-image-1156\" srcset=\"https:\/\/adventkirken.info\/arendal\/wp\/wp-content\/uploads\/2021\/01\/Page-1-Image-1.jpg 1385w, https:\/\/adventkirken.info\/arendal\/wp\/wp-content\/uploads\/2021\/01\/Page-1-Image-1-300x199.jpg 300w, https:\/\/adventkirken.info\/arendal\/wp\/wp-content\/uploads\/2021\/01\/Page-1-Image-1-1024x678.jpg 1024w\" sizes=\"auto, (max-width: 1385px) 100vw, 1385px\" \/><\/a><\/figure><\/li><li class=\"blocks-gallery-item\"><figure><a href=\"https:\/\/adventkirken.info\/arendal\/wp\/wp-content\/uploads\/2021\/01\/Page-2-Image-3-rotated.jpg\"><img loading=\"lazy\" decoding=\"async\" width=\"917\" height=\"1385\" src=\"https:\/\/adventkirken.info\/arendal\/wp\/wp-content\/uploads\/2021\/01\/Page-2-Image-3-rotated.jpg\" alt=\"\" data-id=\"1158\" data-full-url=\"https:\/\/adventkirken.info\/arendal\/wp\/wp-content\/uploads\/2021\/01\/Page-2-Image-3-rotated.jpg\" data-link=\"https:\/\/adventkirken.info\/arendal\/?attachment_id=1158\" class=\"wp-image-1158\" srcset=\"https:\/\/adventkirken.info\/arendal\/wp\/wp-content\/uploads\/2021\/01\/Page-2-Image-3-rotated.jpg 917w, https:\/\/adventkirken.info\/arendal\/wp\/wp-content\/uploads\/2021\/01\/Page-2-Image-3-199x300.jpg 199w, https:\/\/adventkirken.info\/arendal\/wp\/wp-content\/uploads\/2021\/01\/Page-2-Image-3-678x1024.jpg 678w\" sizes=\"auto, (max-width: 917px) 100vw, 917px\" \/><\/a><\/figure><\/li><li class=\"blocks-gallery-item\"><figure><a href=\"https:\/\/adventkirken.info\/arendal\/wp\/wp-content\/uploads\/2021\/01\/Page-2-Image-4.jpg\"><img loading=\"lazy\" decoding=\"async\" width=\"1385\" height=\"917\" src=\"https:\/\/adventkirken.info\/arendal\/wp\/wp-content\/uploads\/2021\/01\/Page-2-Image-4.jpg\" alt=\"\" data-id=\"1159\" data-full-url=\"https:\/\/adventkirken.info\/arendal\/wp\/wp-content\/uploads\/2021\/01\/Page-2-Image-4.jpg\" data-link=\"https:\/\/adventkirken.info\/arendal\/?attachment_id=1159\" class=\"wp-image-1159\" srcset=\"https:\/\/adventkirken.info\/arendal\/wp\/wp-content\/uploads\/2021\/01\/Page-2-Image-4.jpg 1385w, https:\/\/adventkirken.info\/arendal\/wp\/wp-content\/uploads\/2021\/01\/Page-2-Image-4-300x199.jpg 300w, https:\/\/adventkirken.info\/arendal\/wp\/wp-content\/uploads\/2021\/01\/Page-2-Image-4-1024x678.jpg 1024w\" sizes=\"auto, (max-width: 1385px) 100vw, 1385px\" \/><\/a><\/figure><\/li><\/ul><\/figure>\n","protected":false},"excerpt":{"rendered":"<p>Julen i Arendal Adventistkirke ble annerledes i \u00e5r. Vi valgte derfor heller \u00e5 avholde to julegudstjenester, 19. og 26. desember. Tema for de to gudstjenestene ble: Julens historie og Julens h\u00e5p. Kjente og ukjente julesanger, lesninger og innlegg tok frem det gode med julen, s\u00e6rlig for en m\u00f8rk og v\u00e5t Koronajul: Fellesskap og vennskap, trygghet [&hellip;]<\/p>\n","protected":false},"author":5,"featured_media":1157,"comment_status":"closed","ping_status":"closed","sticky":false,"template":"","format":"standard","meta":{"_uag_custom_page_level_css":"","site-sidebar-layout":"default","site-content-layout":"default","ast-site-content-layout":"default","site-content-style":"default","site-sidebar-style":"default","ast-global-header-display":"","ast-banner-title-visibility":"","ast-main-header-display":"","ast-hfb-above-header-display":"","ast-hfb-below-header-display":"","ast-hfb-mobile-header-display":"","site-post-title":"","ast-breadcrumbs-content":"","ast-featured-img":"disabled","footer-sml-layout":"","ast-disable-related-posts":"","theme-transparent-header-meta":"default","adv-header-id-meta":"","stick-header-meta":"default","header-above-stick-meta":"","header-main-stick-meta":"","header-below-stick-meta":"","astra-migrate-meta-layouts":"default","ast-page-background-enabled":"default","ast-page-background-meta":{"desktop":{"background-color":"","background-image":"","background-repeat":"repeat","background-position":"center center","background-size":"auto","background-attachment":"scroll","background-type":"","background-media":"","overlay-type":"","overlay-color":"","overlay-opacity":"","overlay-gradient":""},"tablet":{"background-color":"","background-image":"","background-repeat":"repeat","background-position":"center center","background-size":"auto","background-attachment":"scroll","background-type":"","background-media":"","overlay-type":"","overlay-color":"","overlay-opacity":"","overlay-gradient":""},"mobile":{"background-color":"","background-image":"","background-repeat":"repeat","background-position":"center center","background-size":"auto","background-attachment":"scroll","background-type":"","background-media":"","overlay-type":"","overlay-color":"","overlay-opacity":"","overlay-gradient":""}},"ast-content-background-meta":{"desktop":{"background-color":"var(--ast-global-color-5)","background-image":"","background-repeat":"repeat","background-position":"center center","background-size":"auto","background-attachment":"scroll","background-type":"","background-media":"","overlay-type":"","overlay-color":"","overlay-opacity":"","overlay-gradient":""},"tablet":{"background-color":"var(--ast-global-color-5)","background-image":"","background-repeat":"repeat","background-position":"center center","background-size":"auto","background-attachment":"scroll","background-type":"","background-media":"","overlay-type":"","overlay-color":"","overlay-opacity":"","overlay-gradient":""},"mobile":{"background-color":"var(--ast-global-color-5)","background-image":"","background-repeat":"repeat","background-position":"center center","background-size":"auto","background-attachment":"scroll","background-type":"","background-media":"","overlay-type":"","overlay-color":"","overlay-opacity":"","overlay-gradient":""}},"footnotes":""},"categories":[10,8,1],"tags":[],"class_list":["post-1155","post","type-post","status-publish","format-standard","has-post-thumbnail","hentry","category-bilder","category-gudstjeneste","category-variert"],"uagb_featured_image_src":{"full":["https:\/\/adventkirken.info\/arendal\/wp\/wp-content\/uploads\/2021\/01\/Page-1-Image-2.jpg",1385,917,false],"thumbnail":["https:\/\/adventkirken.info\/arendal\/wp\/wp-content\/uploads\/2021\/01\/Page-1-Image-2-150x150.jpg",150,150,true],"medium":["https:\/\/adventkirken.info\/arendal\/wp\/wp-content\/uploads\/2021\/01\/Page-1-Image-2-300x199.jpg",300,199,true],"medium_large":["https:\/\/adventkirken.info\/arendal\/wp\/wp-content\/uploads\/2021\/01\/Page-1-Image-2.jpg",1385,917,false],"large":["https:\/\/adventkirken.info\/arendal\/wp\/wp-content\/uploads\/2021\/01\/Page-1-Image-2-1024x678.jpg",1024,678,true],"1536x1536":["https:\/\/adventkirken.info\/arendal\/wp\/wp-content\/uploads\/2021\/01\/Page-1-Image-2.jpg",1385,917,false],"2048x2048":["https:\/\/adventkirken.info\/arendal\/wp\/wp-content\/uploads\/2021\/01\/Page-1-Image-2.jpg",1385,917,false]},"uagb_author_info":{"display_name":"Per de Lange","author_link":"https:\/\/adventkirken.info\/arendal\/author\/perdelange\/"},"uagb_comment_info":0,"uagb_excerpt":"Julen i Arendal Adventistkirke ble annerledes i \u00e5r. Vi valgte derfor heller \u00e5 avholde to julegudstjenester, 19. og 26. desember. Tema for de to gudstjenestene ble: Julens historie og Julens h\u00e5p. Kjente og ukjente julesanger, lesninger og innlegg tok frem det gode med julen, s\u00e6rlig for en m\u00f8rk og v\u00e5t Koronajul: Fellesskap og vennskap, trygghet&hellip;","_links":{"self":[{"href":"https:\/\/adventkirken.info\/arendal\/wp-json\/wp\/v2\/posts\/1155","targetHints":{"allow":["GET"]}}],"collection":[{"href":"https:\/\/adventkirken.info\/arendal\/wp-json\/wp\/v2\/posts"}],"about":[{"href":"https:\/\/adventkirken.info\/arendal\/wp-json\/wp\/v2\/types\/post"}],"author":[{"embeddable":true,"href":"https:\/\/adventkirken.info\/arendal\/wp-json\/wp\/v2\/users\/5"}],"replies":[{"embeddable":true,"href":"https:\/\/adventkirken.info\/arendal\/wp-json\/wp\/v2\/comments?post=1155"}],"version-history":[{"count":0,"href":"https:\/\/adventkirken.info\/arendal\/wp-json\/wp\/v2\/posts\/1155\/revisions"}],"wp:featuredmedia":[{"embeddable":true,"href":"https:\/\/adventkirken.info\/arendal\/wp-json\/wp\/v2\/media\/1157"}],"wp:attachment":[{"href":"https:\/\/adventkirken.info\/arendal\/wp-json\/wp\/v2\/media?parent=1155"}],"wp:term":[{"taxonomy":"category","embeddable":true,"href":"https:\/\/adventkirken.info\/arendal\/wp-json\/wp\/v2\/categories?post=1155"},{"taxonomy":"post_tag","embeddable":true,"href":"https:\/\/adventkirken.info\/arendal\/wp-json\/wp\/v2\/tags?post=1155"}],"curies":[{"name":"wp","href":"https:\/\/api.w.org\/{rel}","templated":true}]}}