{"id":1290,"date":"2022-03-23T13:33:32","date_gmt":"2022-03-23T12:33:32","guid":{"rendered":"https:\/\/adventkirken.info\/arendal\/?p=1290"},"modified":"2024-07-05T10:15:08","modified_gmt":"2024-07-05T08:15:08","slug":"konsert-for-ukraina-pa-global-youth-day-2022","status":"publish","type":"post","link":"https:\/\/adventkirken.info\/arendal\/2022\/03\/konsert-for-ukraina-pa-global-youth-day-2022\/","title":{"rendered":"Konsert for Ukraina p\u00e5 Global Youth Day 2022"},"content":{"rendered":"\n<p>Sabbaten 19. mars var det &laquo;Global Youth Day 2022&raquo;. Det er en dag hvor adventistungdommer over hele verden gj\u00f8r noe spesielt for andre mennesker. I Arendal Adventistkirke valgte barn og ungdom \u00e5 gj\u00f8re noe for situasjonen i Ukraina.<\/p>\n\n\n\n<p>Det ble en konsert der mange deltok med sang, musikk, bibellesning og utdeling av h\u00e5ndskrevne kort med oppmuntrende bibelvers p\u00e5. Vi fikk ogs\u00e5 direkte kontakt med en s\u00f8stermenighet i Ukraina. De kunne f\u00f8lge konserten p\u00e5 WhatsApp, og vi kunne prate med dem direkte over storskjerm. Vi delte h\u00e5pet vi har i Guds ord og bad sammen.<\/p>\n\n\n\n<p>Det ble mulighet \u00e5 st\u00f8tte arbeidet som ADRA Norge gj\u00f8r i Ukraina, med \u00e5 gi en pengegave. Takk til barn ungdommen for en flott konsert og til alle som st\u00f8ttet ADRA Norges arbeide i Ukraina.<\/p>\n\n\n\n<figure class=\"wp-block-video\"><video height=\"352\" style=\"aspect-ratio: 640 \/ 352;\" width=\"640\" controls src=\"https:\/\/adventkirken.info\/arendal\/wp\/wp-content\/uploads\/2022\/03\/GYD2.mp4\"><\/video><\/figure>\n\n\n\n<figure class=\"wp-block-gallery has-nested-images columns-default is-cropped wp-block-gallery-1 is-layout-flex wp-block-gallery-is-layout-flex\">\n<figure class=\"wp-block-image size-large\"><a href=\"https:\/\/adventkirken.info\/arendal\/wp\/wp-content\/uploads\/2022\/03\/GYD1.jpg\"><img loading=\"lazy\" decoding=\"async\" width=\"1024\" height=\"768\" data-id=\"1295\" src=\"https:\/\/adventkirken.info\/arendal\/wp\/wp-content\/uploads\/2022\/03\/GYD1-1024x768.jpg\" alt=\"\" class=\"wp-image-1295\" srcset=\"https:\/\/adventkirken.info\/arendal\/wp\/wp-content\/uploads\/2022\/03\/GYD1-1024x768.jpg 1024w, https:\/\/adventkirken.info\/arendal\/wp\/wp-content\/uploads\/2022\/03\/GYD1-300x225.jpg 300w, https:\/\/adventkirken.info\/arendal\/wp\/wp-content\/uploads\/2022\/03\/GYD1-1536x1152.jpg 1536w, https:\/\/adventkirken.info\/arendal\/wp\/wp-content\/uploads\/2022\/03\/GYD1.jpg 1600w\" sizes=\"auto, (max-width: 1024px) 100vw, 1024px\" \/><\/a><\/figure>\n\n\n\n<figure class=\"wp-block-image size-large\"><a href=\"https:\/\/adventkirken.info\/arendal\/wp\/wp-content\/uploads\/2022\/03\/GYD3.jpg\"><img loading=\"lazy\" decoding=\"async\" width=\"1024\" height=\"461\" data-id=\"1293\" src=\"https:\/\/adventkirken.info\/arendal\/wp\/wp-content\/uploads\/2022\/03\/GYD3-1024x461.jpg\" alt=\"\" class=\"wp-image-1293\" srcset=\"https:\/\/adventkirken.info\/arendal\/wp\/wp-content\/uploads\/2022\/03\/GYD3-1024x461.jpg 1024w, https:\/\/adventkirken.info\/arendal\/wp\/wp-content\/uploads\/2022\/03\/GYD3-300x135.jpg 300w, https:\/\/adventkirken.info\/arendal\/wp\/wp-content\/uploads\/2022\/03\/GYD3-1536x692.jpg 1536w, https:\/\/adventkirken.info\/arendal\/wp\/wp-content\/uploads\/2022\/03\/GYD3.jpg 2016w\" sizes=\"auto, (max-width: 1024px) 100vw, 1024px\" \/><\/a><\/figure>\n\n\n\n<figure class=\"wp-block-image size-large\"><a href=\"https:\/\/adventkirken.info\/arendal\/wp\/wp-content\/uploads\/2022\/03\/Gyd4.jpg\"><img loading=\"lazy\" decoding=\"async\" width=\"1024\" height=\"461\" data-id=\"1294\" src=\"https:\/\/adventkirken.info\/arendal\/wp\/wp-content\/uploads\/2022\/03\/Gyd4-1024x461.jpg\" alt=\"\" class=\"wp-image-1294\" srcset=\"https:\/\/adventkirken.info\/arendal\/wp\/wp-content\/uploads\/2022\/03\/Gyd4-1024x461.jpg 1024w, https:\/\/adventkirken.info\/arendal\/wp\/wp-content\/uploads\/2022\/03\/Gyd4-300x135.jpg 300w, https:\/\/adventkirken.info\/arendal\/wp\/wp-content\/uploads\/2022\/03\/Gyd4-1536x692.jpg 1536w, https:\/\/adventkirken.info\/arendal\/wp\/wp-content\/uploads\/2022\/03\/Gyd4.jpg 2016w\" sizes=\"auto, (max-width: 1024px) 100vw, 1024px\" \/><\/a><\/figure>\n<figcaption class=\"blocks-gallery-caption\">(<em>Video og foto: May Karin Holanger og Siri Quispe.)<\/em><\/figcaption><\/figure>\n\n\n\n<p><\/p>\n","protected":false},"excerpt":{"rendered":"<p>Sabbaten 19. mars var det &laquo;Global Youth Day 2022&raquo;. Det er en dag hvor adventistungdommer over hele verden gj\u00f8r noe spesielt for andre mennesker. I Arendal Adventistkirke valgte barn og ungdom \u00e5 gj\u00f8re noe for situasjonen i Ukraina. Det ble en konsert der mange deltok med sang, musikk, bibellesning og utdeling av h\u00e5ndskrevne kort med [&hellip;]<\/p>\n","protected":false},"author":3,"featured_media":1295,"comment_status":"closed","ping_status":"closed","sticky":false,"template":"","format":"standard","meta":{"_uag_custom_page_level_css":"","site-sidebar-layout":"default","site-content-layout":"","ast-site-content-layout":"default","site-content-style":"default","site-sidebar-style":"default","ast-global-header-display":"","ast-banner-title-visibility":"","ast-main-header-display":"","ast-hfb-above-header-display":"","ast-hfb-below-header-display":"","ast-hfb-mobile-header-display":"","site-post-title":"","ast-breadcrumbs-content":"","ast-featured-img":"disabled","footer-sml-layout":"","ast-disable-related-posts":"","theme-transparent-header-meta":"","adv-header-id-meta":"","stick-header-meta":"","header-above-stick-meta":"","header-main-stick-meta":"","header-below-stick-meta":"","astra-migrate-meta-layouts":"default","ast-page-background-enabled":"default","ast-page-background-meta":{"desktop":{"background-color":"","background-image":"","background-repeat":"repeat","background-position":"center center","background-size":"auto","background-attachment":"scroll","background-type":"","background-media":"","overlay-type":"","overlay-color":"","overlay-opacity":"","overlay-gradient":""},"tablet":{"background-color":"","background-image":"","background-repeat":"repeat","background-position":"center center","background-size":"auto","background-attachment":"scroll","background-type":"","background-media":"","overlay-type":"","overlay-color":"","overlay-opacity":"","overlay-gradient":""},"mobile":{"background-color":"","background-image":"","background-repeat":"repeat","background-position":"center center","background-size":"auto","background-attachment":"scroll","background-type":"","background-media":"","overlay-type":"","overlay-color":"","overlay-opacity":"","overlay-gradient":""}},"ast-content-background-meta":{"desktop":{"background-color":"var(--ast-global-color-5)","background-image":"","background-repeat":"repeat","background-position":"center center","background-size":"auto","background-attachment":"scroll","background-type":"","background-media":"","overlay-type":"","overlay-color":"","overlay-opacity":"","overlay-gradient":""},"tablet":{"background-color":"var(--ast-global-color-5)","background-image":"","background-repeat":"repeat","background-position":"center center","background-size":"auto","background-attachment":"scroll","background-type":"","background-media":"","overlay-type":"","overlay-color":"","overlay-opacity":"","overlay-gradient":""},"mobile":{"background-color":"var(--ast-global-color-5)","background-image":"","background-repeat":"repeat","background-position":"center center","background-size":"auto","background-attachment":"scroll","background-type":"","background-media":"","overlay-type":"","overlay-color":"","overlay-opacity":"","overlay-gradient":""}},"footnotes":""},"categories":[10,4,1],"tags":[45,29,54,56,169,37],"class_list":["post-1290","post","type-post","status-publish","format-standard","has-post-thumbnail","hentry","category-bilder","category-hjelpeaksjon","category-variert","tag-adra","tag-hjelpearbeid","tag-konsert","tag-musikk","tag-ukraina","tag-video"],"uagb_featured_image_src":{"full":["https:\/\/adventkirken.info\/arendal\/wp\/wp-content\/uploads\/2022\/03\/GYD1.jpg",1600,1200,false],"thumbnail":["https:\/\/adventkirken.info\/arendal\/wp\/wp-content\/uploads\/2022\/03\/GYD1-150x150.jpg",150,150,true],"medium":["https:\/\/adventkirken.info\/arendal\/wp\/wp-content\/uploads\/2022\/03\/GYD1-300x225.jpg",300,225,true],"medium_large":["https:\/\/adventkirken.info\/arendal\/wp\/wp-content\/uploads\/2022\/03\/GYD1.jpg",1600,1200,false],"large":["https:\/\/adventkirken.info\/arendal\/wp\/wp-content\/uploads\/2022\/03\/GYD1-1024x768.jpg",1024,768,true],"1536x1536":["https:\/\/adventkirken.info\/arendal\/wp\/wp-content\/uploads\/2022\/03\/GYD1-1536x1152.jpg",1536,1152,true],"2048x2048":["https:\/\/adventkirken.info\/arendal\/wp\/wp-content\/uploads\/2022\/03\/GYD1.jpg",1600,1200,false]},"uagb_author_info":{"display_name":"Torbj\u00f8rn Fors","author_link":"https:\/\/adventkirken.info\/arendal\/author\/torbjorn\/"},"uagb_comment_info":0,"uagb_excerpt":"Sabbaten 19. mars var det &laquo;Global Youth Day 2022&raquo;. Det er en dag hvor adventistungdommer over hele verden gj\u00f8r noe spesielt for andre mennesker. I Arendal Adventistkirke valgte barn og ungdom \u00e5 gj\u00f8re noe for situasjonen i Ukraina. Det ble en konsert der mange deltok med sang, musikk, bibellesning og utdeling av h\u00e5ndskrevne kort med&hellip;","_links":{"self":[{"href":"https:\/\/adventkirken.info\/arendal\/wp-json\/wp\/v2\/posts\/1290","targetHints":{"allow":["GET"]}}],"collection":[{"href":"https:\/\/adventkirken.info\/arendal\/wp-json\/wp\/v2\/posts"}],"about":[{"href":"https:\/\/adventkirken.info\/arendal\/wp-json\/wp\/v2\/types\/post"}],"author":[{"embeddable":true,"href":"https:\/\/adventkirken.info\/arendal\/wp-json\/wp\/v2\/users\/3"}],"replies":[{"embeddable":true,"href":"https:\/\/adventkirken.info\/arendal\/wp-json\/wp\/v2\/comments?post=1290"}],"version-history":[{"count":0,"href":"https:\/\/adventkirken.info\/arendal\/wp-json\/wp\/v2\/posts\/1290\/revisions"}],"wp:featuredmedia":[{"embeddable":true,"href":"https:\/\/adventkirken.info\/arendal\/wp-json\/wp\/v2\/media\/1295"}],"wp:attachment":[{"href":"https:\/\/adventkirken.info\/arendal\/wp-json\/wp\/v2\/media?parent=1290"}],"wp:term":[{"taxonomy":"category","embeddable":true,"href":"https:\/\/adventkirken.info\/arendal\/wp-json\/wp\/v2\/categories?post=1290"},{"taxonomy":"post_tag","embeddable":true,"href":"https:\/\/adventkirken.info\/arendal\/wp-json\/wp\/v2\/tags?post=1290"}],"curies":[{"name":"wp","href":"https:\/\/api.w.org\/{rel}","templated":true}]}}