{"id":1575,"date":"2023-12-01T11:53:50","date_gmt":"2023-12-01T10:53:50","guid":{"rendered":"https:\/\/adventkirken.info\/arendal\/?p=1575"},"modified":"2024-07-05T10:15:07","modified_gmt":"2024-07-05T08:15:07","slug":"fotballcupen-i-mjondalen-2023","status":"publish","type":"post","link":"https:\/\/adventkirken.info\/arendal\/2023\/12\/fotballcupen-i-mjondalen-2023\/","title":{"rendered":"Fotballcupen i Mj\u00f8ndalen 2023"},"content":{"rendered":"\n<p>Fotballcup 2023 var en g\u00f8y og fin opplevelse som har blitt en tradisjon for oss ungdom i Arendal menighet. Denne dagen har vi v\u00e6rt sammen og delt smil, masse heia rop og ligging i gresset etter mange kamper p\u00e5 rad. Denne dagen var selvf\u00f8lgelig ikke uten skader men vi som et lag var der for hverandre og passet p\u00e5 at alle skulle ha det greit. Det viktigste denne dagen var at vi var sammen som en menighet og tilbrakte tid med andre menigheter rundt om i Norge. Det var mange nye treff og ogs\u00e5 gamle venner. Vi s\u00e5 ikke p\u00e5 denne dagen som en dag om \u00e5 vinne kampen om hvem som er det beste fotballaget. Men vi s\u00e5 p\u00e5 denne dagen som en dag vi kan ha det g\u00f8y og kose oss masse, og dette var det viktigste.<\/p>\n\n\n\n<figure class=\"wp-block-gallery has-nested-images columns-default is-cropped wp-block-gallery-1 is-layout-flex wp-block-gallery-is-layout-flex\">\n<figure class=\"wp-block-image size-full\"><a href=\"https:\/\/adventkirken.info\/arendal\/wp\/wp-content\/uploads\/2023\/12\/20231125_193802-scaled.jpg\"><img loading=\"lazy\" decoding=\"async\" width=\"2560\" height=\"2560\" data-id=\"1580\" src=\"https:\/\/adventkirken.info\/arendal\/wp\/wp-content\/uploads\/2023\/12\/20231125_193802-scaled.jpg\" alt=\"\" class=\"wp-image-1580\" srcset=\"https:\/\/adventkirken.info\/arendal\/wp\/wp-content\/uploads\/2023\/12\/20231125_193802-scaled.jpg 2560w, https:\/\/adventkirken.info\/arendal\/wp\/wp-content\/uploads\/2023\/12\/20231125_193802-300x300.jpg 300w, https:\/\/adventkirken.info\/arendal\/wp\/wp-content\/uploads\/2023\/12\/20231125_193802-1024x1024.jpg 1024w, https:\/\/adventkirken.info\/arendal\/wp\/wp-content\/uploads\/2023\/12\/20231125_193802-150x150.jpg 150w, https:\/\/adventkirken.info\/arendal\/wp\/wp-content\/uploads\/2023\/12\/20231125_193802-1536x1536.jpg 1536w, https:\/\/adventkirken.info\/arendal\/wp\/wp-content\/uploads\/2023\/12\/20231125_193802-2048x2048.jpg 2048w\" sizes=\"auto, (max-width: 2560px) 100vw, 2560px\" \/><\/a><\/figure>\n\n\n\n<figure class=\"wp-block-image size-full\"><a href=\"https:\/\/adventkirken.info\/arendal\/wp\/wp-content\/uploads\/2023\/12\/20231125_191514-scaled.jpg\"><img loading=\"lazy\" decoding=\"async\" width=\"2560\" height=\"2560\" data-id=\"1579\" src=\"https:\/\/adventkirken.info\/arendal\/wp\/wp-content\/uploads\/2023\/12\/20231125_191514-scaled.jpg\" alt=\"\" class=\"wp-image-1579\" srcset=\"https:\/\/adventkirken.info\/arendal\/wp\/wp-content\/uploads\/2023\/12\/20231125_191514-scaled.jpg 2560w, https:\/\/adventkirken.info\/arendal\/wp\/wp-content\/uploads\/2023\/12\/20231125_191514-300x300.jpg 300w, https:\/\/adventkirken.info\/arendal\/wp\/wp-content\/uploads\/2023\/12\/20231125_191514-1024x1024.jpg 1024w, https:\/\/adventkirken.info\/arendal\/wp\/wp-content\/uploads\/2023\/12\/20231125_191514-150x150.jpg 150w, https:\/\/adventkirken.info\/arendal\/wp\/wp-content\/uploads\/2023\/12\/20231125_191514-1536x1536.jpg 1536w, https:\/\/adventkirken.info\/arendal\/wp\/wp-content\/uploads\/2023\/12\/20231125_191514-2048x2048.jpg 2048w\" sizes=\"auto, (max-width: 2560px) 100vw, 2560px\" \/><\/a><\/figure>\n\n\n\n<figure class=\"wp-block-image size-full\"><a href=\"https:\/\/adventkirken.info\/arendal\/wp\/wp-content\/uploads\/2023\/12\/20231125_173719-scaled.jpg\"><img loading=\"lazy\" decoding=\"async\" width=\"2560\" height=\"2560\" data-id=\"1578\" src=\"https:\/\/adventkirken.info\/arendal\/wp\/wp-content\/uploads\/2023\/12\/20231125_173719-scaled.jpg\" alt=\"\" class=\"wp-image-1578\" srcset=\"https:\/\/adventkirken.info\/arendal\/wp\/wp-content\/uploads\/2023\/12\/20231125_173719-scaled.jpg 2560w, https:\/\/adventkirken.info\/arendal\/wp\/wp-content\/uploads\/2023\/12\/20231125_173719-300x300.jpg 300w, https:\/\/adventkirken.info\/arendal\/wp\/wp-content\/uploads\/2023\/12\/20231125_173719-1024x1024.jpg 1024w, https:\/\/adventkirken.info\/arendal\/wp\/wp-content\/uploads\/2023\/12\/20231125_173719-150x150.jpg 150w, https:\/\/adventkirken.info\/arendal\/wp\/wp-content\/uploads\/2023\/12\/20231125_173719-1536x1536.jpg 1536w, https:\/\/adventkirken.info\/arendal\/wp\/wp-content\/uploads\/2023\/12\/20231125_173719-2048x2048.jpg 2048w\" sizes=\"auto, (max-width: 2560px) 100vw, 2560px\" \/><\/a><\/figure>\n\n\n\n<figure class=\"wp-block-image size-full\"><a href=\"https:\/\/adventkirken.info\/arendal\/wp\/wp-content\/uploads\/2023\/12\/20231125_125653-scaled.jpg\"><img loading=\"lazy\" decoding=\"async\" width=\"2560\" height=\"2560\" data-id=\"1577\" src=\"https:\/\/adventkirken.info\/arendal\/wp\/wp-content\/uploads\/2023\/12\/20231125_125653-scaled.jpg\" alt=\"\" class=\"wp-image-1577\" srcset=\"https:\/\/adventkirken.info\/arendal\/wp\/wp-content\/uploads\/2023\/12\/20231125_125653-scaled.jpg 2560w, https:\/\/adventkirken.info\/arendal\/wp\/wp-content\/uploads\/2023\/12\/20231125_125653-300x300.jpg 300w, https:\/\/adventkirken.info\/arendal\/wp\/wp-content\/uploads\/2023\/12\/20231125_125653-1024x1024.jpg 1024w, https:\/\/adventkirken.info\/arendal\/wp\/wp-content\/uploads\/2023\/12\/20231125_125653-150x150.jpg 150w, https:\/\/adventkirken.info\/arendal\/wp\/wp-content\/uploads\/2023\/12\/20231125_125653-1536x1536.jpg 1536w, https:\/\/adventkirken.info\/arendal\/wp\/wp-content\/uploads\/2023\/12\/20231125_125653-2048x2048.jpg 2048w\" sizes=\"auto, (max-width: 2560px) 100vw, 2560px\" \/><\/a><\/figure>\n\n\n\n<figure class=\"wp-block-image size-full\"><a href=\"https:\/\/adventkirken.info\/arendal\/wp\/wp-content\/uploads\/2023\/12\/20231125_114118-scaled.jpg\"><img loading=\"lazy\" decoding=\"async\" width=\"2560\" height=\"2560\" data-id=\"1576\" src=\"https:\/\/adventkirken.info\/arendal\/wp\/wp-content\/uploads\/2023\/12\/20231125_114118-scaled.jpg\" alt=\"\" class=\"wp-image-1576\" srcset=\"https:\/\/adventkirken.info\/arendal\/wp\/wp-content\/uploads\/2023\/12\/20231125_114118-scaled.jpg 2560w, https:\/\/adventkirken.info\/arendal\/wp\/wp-content\/uploads\/2023\/12\/20231125_114118-300x300.jpg 300w, https:\/\/adventkirken.info\/arendal\/wp\/wp-content\/uploads\/2023\/12\/20231125_114118-1024x1024.jpg 1024w, https:\/\/adventkirken.info\/arendal\/wp\/wp-content\/uploads\/2023\/12\/20231125_114118-150x150.jpg 150w, https:\/\/adventkirken.info\/arendal\/wp\/wp-content\/uploads\/2023\/12\/20231125_114118-1536x1536.jpg 1536w, https:\/\/adventkirken.info\/arendal\/wp\/wp-content\/uploads\/2023\/12\/20231125_114118-2048x2048.jpg 2048w\" sizes=\"auto, (max-width: 2560px) 100vw, 2560px\" \/><\/a><\/figure>\n\n\n\n<figure class=\"wp-block-image size-full\"><a href=\"https:\/\/adventkirken.info\/arendal\/wp\/wp-content\/uploads\/2023\/12\/20231125_210639-scaled.jpg\"><img loading=\"lazy\" decoding=\"async\" width=\"2560\" height=\"2560\" data-id=\"1581\" src=\"https:\/\/adventkirken.info\/arendal\/wp\/wp-content\/uploads\/2023\/12\/20231125_210639-scaled.jpg\" alt=\"\" class=\"wp-image-1581\" srcset=\"https:\/\/adventkirken.info\/arendal\/wp\/wp-content\/uploads\/2023\/12\/20231125_210639-scaled.jpg 2560w, https:\/\/adventkirken.info\/arendal\/wp\/wp-content\/uploads\/2023\/12\/20231125_210639-300x300.jpg 300w, https:\/\/adventkirken.info\/arendal\/wp\/wp-content\/uploads\/2023\/12\/20231125_210639-1024x1024.jpg 1024w, https:\/\/adventkirken.info\/arendal\/wp\/wp-content\/uploads\/2023\/12\/20231125_210639-150x150.jpg 150w, https:\/\/adventkirken.info\/arendal\/wp\/wp-content\/uploads\/2023\/12\/20231125_210639-1536x1536.jpg 1536w, https:\/\/adventkirken.info\/arendal\/wp\/wp-content\/uploads\/2023\/12\/20231125_210639-2048x2048.jpg 2048w\" sizes=\"auto, (max-width: 2560px) 100vw, 2560px\" \/><\/a><\/figure>\n<\/figure>\n\n\n\n<p><em>Tekst: Svetlana Moisei. Foto: Torbj\u00f8rn Fors.<\/em><\/p>\n","protected":false},"excerpt":{"rendered":"<p>Fotballcup 2023 var en g\u00f8y og fin opplevelse som har blitt en tradisjon for oss ungdom i Arendal menighet. Denne dagen har vi v\u00e6rt sammen og delt smil, masse heia rop og ligging i gresset etter mange kamper p\u00e5 rad.<\/p>\n","protected":false},"author":21,"featured_media":1580,"comment_status":"closed","ping_status":"closed","sticky":false,"template":"","format":"standard","meta":{"_uag_custom_page_level_css":"","site-sidebar-layout":"default","site-content-layout":"","ast-site-content-layout":"default","site-content-style":"default","site-sidebar-style":"default","ast-global-header-display":"","ast-banner-title-visibility":"","ast-main-header-display":"","ast-hfb-above-header-display":"","ast-hfb-below-header-display":"","ast-hfb-mobile-header-display":"","site-post-title":"","ast-breadcrumbs-content":"","ast-featured-img":"disabled","footer-sml-layout":"","ast-disable-related-posts":"","theme-transparent-header-meta":"","adv-header-id-meta":"","stick-header-meta":"","header-above-stick-meta":"","header-main-stick-meta":"","header-below-stick-meta":"","astra-migrate-meta-layouts":"set","ast-page-background-enabled":"default","ast-page-background-meta":{"desktop":{"background-color":"","background-image":"","background-repeat":"repeat","background-position":"center center","background-size":"auto","background-attachment":"scroll","background-type":"","background-media":"","overlay-type":"","overlay-color":"","overlay-opacity":"","overlay-gradient":""},"tablet":{"background-color":"","background-image":"","background-repeat":"repeat","background-position":"center center","background-size":"auto","background-attachment":"scroll","background-type":"","background-media":"","overlay-type":"","overlay-color":"","overlay-opacity":"","overlay-gradient":""},"mobile":{"background-color":"","background-image":"","background-repeat":"repeat","background-position":"center center","background-size":"auto","background-attachment":"scroll","background-type":"","background-media":"","overlay-type":"","overlay-color":"","overlay-opacity":"","overlay-gradient":""}},"ast-content-background-meta":{"desktop":{"background-color":"var(--ast-global-color-5)","background-image":"","background-repeat":"repeat","background-position":"center center","background-size":"auto","background-attachment":"scroll","background-type":"","background-media":"","overlay-type":"","overlay-color":"","overlay-opacity":"","overlay-gradient":""},"tablet":{"background-color":"var(--ast-global-color-5)","background-image":"","background-repeat":"repeat","background-position":"center center","background-size":"auto","background-attachment":"scroll","background-type":"","background-media":"","overlay-type":"","overlay-color":"","overlay-opacity":"","overlay-gradient":""},"mobile":{"background-color":"var(--ast-global-color-5)","background-image":"","background-repeat":"repeat","background-position":"center center","background-size":"auto","background-attachment":"scroll","background-type":"","background-media":"","overlay-type":"","overlay-color":"","overlay-opacity":"","overlay-gradient":""}},"footnotes":""},"categories":[10,5,1],"tags":[11,18,175,25],"class_list":["post-1575","post","type-post","status-publish","format-standard","has-post-thumbnail","hentry","category-bilder","category-speiderungdom","category-variert","tag-aktiviteter","tag-bilder-2","tag-fotball","tag-ungdom"],"uagb_featured_image_src":{"full":["https:\/\/adventkirken.info\/arendal\/wp\/wp-content\/uploads\/2023\/12\/20231125_193802-scaled.jpg",2560,2560,false],"thumbnail":["https:\/\/adventkirken.info\/arendal\/wp\/wp-content\/uploads\/2023\/12\/20231125_193802-150x150.jpg",150,150,true],"medium":["https:\/\/adventkirken.info\/arendal\/wp\/wp-content\/uploads\/2023\/12\/20231125_193802-300x300.jpg",300,300,true],"medium_large":["https:\/\/adventkirken.info\/arendal\/wp\/wp-content\/uploads\/2023\/12\/20231125_193802-scaled.jpg",2560,2560,false],"large":["https:\/\/adventkirken.info\/arendal\/wp\/wp-content\/uploads\/2023\/12\/20231125_193802-1024x1024.jpg",1024,1024,true],"1536x1536":["https:\/\/adventkirken.info\/arendal\/wp\/wp-content\/uploads\/2023\/12\/20231125_193802-1536x1536.jpg",1536,1536,true],"2048x2048":["https:\/\/adventkirken.info\/arendal\/wp\/wp-content\/uploads\/2023\/12\/20231125_193802-2048x2048.jpg",2048,2048,true]},"uagb_author_info":{"display_name":"Svetlana Moisei","author_link":"https:\/\/adventkirken.info\/arendal\/author\/svetlana\/"},"uagb_comment_info":0,"uagb_excerpt":"Fotballcup 2023 var en g\u00f8y og fin opplevelse som har blitt en tradisjon for oss ungdom i Arendal menighet. Denne dagen har vi v\u00e6rt sammen og delt smil, masse heia rop og ligging i gresset etter mange kamper p\u00e5 rad.","_links":{"self":[{"href":"https:\/\/adventkirken.info\/arendal\/wp-json\/wp\/v2\/posts\/1575","targetHints":{"allow":["GET"]}}],"collection":[{"href":"https:\/\/adventkirken.info\/arendal\/wp-json\/wp\/v2\/posts"}],"about":[{"href":"https:\/\/adventkirken.info\/arendal\/wp-json\/wp\/v2\/types\/post"}],"author":[{"embeddable":true,"href":"https:\/\/adventkirken.info\/arendal\/wp-json\/wp\/v2\/users\/21"}],"replies":[{"embeddable":true,"href":"https:\/\/adventkirken.info\/arendal\/wp-json\/wp\/v2\/comments?post=1575"}],"version-history":[{"count":0,"href":"https:\/\/adventkirken.info\/arendal\/wp-json\/wp\/v2\/posts\/1575\/revisions"}],"wp:featuredmedia":[{"embeddable":true,"href":"https:\/\/adventkirken.info\/arendal\/wp-json\/wp\/v2\/media\/1580"}],"wp:attachment":[{"href":"https:\/\/adventkirken.info\/arendal\/wp-json\/wp\/v2\/media?parent=1575"}],"wp:term":[{"taxonomy":"category","embeddable":true,"href":"https:\/\/adventkirken.info\/arendal\/wp-json\/wp\/v2\/categories?post=1575"},{"taxonomy":"post_tag","embeddable":true,"href":"https:\/\/adventkirken.info\/arendal\/wp-json\/wp\/v2\/tags?post=1575"}],"curies":[{"name":"wp","href":"https:\/\/api.w.org\/{rel}","templated":true}]}}