{"id":1614,"date":"2024-01-16T09:21:53","date_gmt":"2024-01-16T08:21:53","guid":{"rendered":"https:\/\/adventkirken.info\/arendal\/?p=1614"},"modified":"2024-07-05T10:15:07","modified_gmt":"2024-07-05T08:15:07","slug":"sammen-i-sangen-19-januar","status":"publish","type":"post","link":"https:\/\/adventkirken.info\/arendal\/2024\/01\/sammen-i-sangen-19-januar\/","title":{"rendered":"Sammen i sangen 19. januar"},"content":{"rendered":"\n<p>Fredag 19. januar klokken 19:00 er dere varmt velkommen til \u00e5 ta del i &laquo;Sammen i sangen&raquo;. En kveld hvor en kan lytte, men ogs\u00e5 ta del i sang og musikk. Kveldens gjester er Else og Bj\u00f8rn Haugen.<\/p>\n\n\n\n<figure class=\"wp-block-image size-full\"><a href=\"https:\/\/adventkirken.info\/arendal\/wp\/wp-content\/uploads\/2024\/01\/sammen-i-sangen-19-jan2024.jpg\"><img loading=\"lazy\" decoding=\"async\" width=\"1275\" height=\"1184\" src=\"https:\/\/adventkirken.info\/arendal\/wp\/wp-content\/uploads\/2024\/01\/sammen-i-sangen-19-jan2024.jpg\" alt=\"\" class=\"wp-image-1616\" srcset=\"https:\/\/adventkirken.info\/arendal\/wp\/wp-content\/uploads\/2024\/01\/sammen-i-sangen-19-jan2024.jpg 1275w, https:\/\/adventkirken.info\/arendal\/wp\/wp-content\/uploads\/2024\/01\/sammen-i-sangen-19-jan2024-300x279.jpg 300w, https:\/\/adventkirken.info\/arendal\/wp\/wp-content\/uploads\/2024\/01\/sammen-i-sangen-19-jan2024-1024x951.jpg 1024w\" sizes=\"auto, (max-width: 1275px) 100vw, 1275px\" \/><\/a><\/figure>\n","protected":false},"excerpt":{"rendered":"<p>Fredag 19. januar klokken 19:00 er dere varmt velkommen til \u00e5 ta del i &laquo;Sammen i sangen&raquo;. En kveld hvor en kan lytte, men ogs\u00e5 ta del i sang og musikk. Kveldens gjester er Else og Bj\u00f8rn Haugen.<\/p>\n","protected":false},"author":3,"featured_media":1615,"comment_status":"closed","ping_status":"closed","sticky":false,"template":"","format":"standard","meta":{"_uag_custom_page_level_css":"","site-sidebar-layout":"default","site-content-layout":"","ast-site-content-layout":"default","site-content-style":"default","site-sidebar-style":"default","ast-global-header-display":"","ast-banner-title-visibility":"","ast-main-header-display":"","ast-hfb-above-header-display":"","ast-hfb-below-header-display":"","ast-hfb-mobile-header-display":"","site-post-title":"","ast-breadcrumbs-content":"","ast-featured-img":"disabled","footer-sml-layout":"","ast-disable-related-posts":"","theme-transparent-header-meta":"","adv-header-id-meta":"","stick-header-meta":"","header-above-stick-meta":"","header-main-stick-meta":"","header-below-stick-meta":"","astra-migrate-meta-layouts":"set","ast-page-background-enabled":"default","ast-page-background-meta":{"desktop":{"background-color":"","background-image":"","background-repeat":"repeat","background-position":"center center","background-size":"auto","background-attachment":"scroll","background-type":"","background-media":"","overlay-type":"","overlay-color":"","overlay-opacity":"","overlay-gradient":""},"tablet":{"background-color":"","background-image":"","background-repeat":"repeat","background-position":"center center","background-size":"auto","background-attachment":"scroll","background-type":"","background-media":"","overlay-type":"","overlay-color":"","overlay-opacity":"","overlay-gradient":""},"mobile":{"background-color":"","background-image":"","background-repeat":"repeat","background-position":"center center","background-size":"auto","background-attachment":"scroll","background-type":"","background-media":"","overlay-type":"","overlay-color":"","overlay-opacity":"","overlay-gradient":""}},"ast-content-background-meta":{"desktop":{"background-color":"var(--ast-global-color-5)","background-image":"","background-repeat":"repeat","background-position":"center center","background-size":"auto","background-attachment":"scroll","background-type":"","background-media":"","overlay-type":"","overlay-color":"","overlay-opacity":"","overlay-gradient":""},"tablet":{"background-color":"var(--ast-global-color-5)","background-image":"","background-repeat":"repeat","background-position":"center center","background-size":"auto","background-attachment":"scroll","background-type":"","background-media":"","overlay-type":"","overlay-color":"","overlay-opacity":"","overlay-gradient":""},"mobile":{"background-color":"var(--ast-global-color-5)","background-image":"","background-repeat":"repeat","background-position":"center center","background-size":"auto","background-attachment":"scroll","background-type":"","background-media":"","overlay-type":"","overlay-color":"","overlay-opacity":"","overlay-gradient":""}},"footnotes":""},"categories":[1],"tags":[56,57],"class_list":["post-1614","post","type-post","status-publish","format-standard","has-post-thumbnail","hentry","category-variert","tag-musikk","tag-sang"],"uagb_featured_image_src":{"full":["https:\/\/adventkirken.info\/arendal\/wp\/wp-content\/uploads\/2024\/01\/sammen-i-sangen-19-jan2024-forsiden.jpg",1259,997,false],"thumbnail":["https:\/\/adventkirken.info\/arendal\/wp\/wp-content\/uploads\/2024\/01\/sammen-i-sangen-19-jan2024-forsiden-150x150.jpg",150,150,true],"medium":["https:\/\/adventkirken.info\/arendal\/wp\/wp-content\/uploads\/2024\/01\/sammen-i-sangen-19-jan2024-forsiden-300x238.jpg",300,238,true],"medium_large":["https:\/\/adventkirken.info\/arendal\/wp\/wp-content\/uploads\/2024\/01\/sammen-i-sangen-19-jan2024-forsiden.jpg",1259,997,false],"large":["https:\/\/adventkirken.info\/arendal\/wp\/wp-content\/uploads\/2024\/01\/sammen-i-sangen-19-jan2024-forsiden-1024x811.jpg",1024,811,true],"1536x1536":["https:\/\/adventkirken.info\/arendal\/wp\/wp-content\/uploads\/2024\/01\/sammen-i-sangen-19-jan2024-forsiden.jpg",1259,997,false],"2048x2048":["https:\/\/adventkirken.info\/arendal\/wp\/wp-content\/uploads\/2024\/01\/sammen-i-sangen-19-jan2024-forsiden.jpg",1259,997,false]},"uagb_author_info":{"display_name":"Torbj\u00f8rn Fors","author_link":"https:\/\/adventkirken.info\/arendal\/author\/torbjorn\/"},"uagb_comment_info":0,"uagb_excerpt":"Fredag 19. januar klokken 19:00 er dere varmt velkommen til \u00e5 ta del i \"Sammen i sangen\". En kveld hvor en kan lytte, men ogs\u00e5 ta del i sang og musikk. Kveldens gjester er Else og Bj\u00f8rn Haugen.","_links":{"self":[{"href":"https:\/\/adventkirken.info\/arendal\/wp-json\/wp\/v2\/posts\/1614","targetHints":{"allow":["GET"]}}],"collection":[{"href":"https:\/\/adventkirken.info\/arendal\/wp-json\/wp\/v2\/posts"}],"about":[{"href":"https:\/\/adventkirken.info\/arendal\/wp-json\/wp\/v2\/types\/post"}],"author":[{"embeddable":true,"href":"https:\/\/adventkirken.info\/arendal\/wp-json\/wp\/v2\/users\/3"}],"replies":[{"embeddable":true,"href":"https:\/\/adventkirken.info\/arendal\/wp-json\/wp\/v2\/comments?post=1614"}],"version-history":[{"count":0,"href":"https:\/\/adventkirken.info\/arendal\/wp-json\/wp\/v2\/posts\/1614\/revisions"}],"wp:featuredmedia":[{"embeddable":true,"href":"https:\/\/adventkirken.info\/arendal\/wp-json\/wp\/v2\/media\/1615"}],"wp:attachment":[{"href":"https:\/\/adventkirken.info\/arendal\/wp-json\/wp\/v2\/media?parent=1614"}],"wp:term":[{"taxonomy":"category","embeddable":true,"href":"https:\/\/adventkirken.info\/arendal\/wp-json\/wp\/v2\/categories?post=1614"},{"taxonomy":"post_tag","embeddable":true,"href":"https:\/\/adventkirken.info\/arendal\/wp-json\/wp\/v2\/tags?post=1614"}],"curies":[{"name":"wp","href":"https:\/\/api.w.org\/{rel}","templated":true}]}}