{"id":1719,"date":"2024-10-03T10:16:39","date_gmt":"2024-10-03T08:16:39","guid":{"rendered":"https:\/\/adventkirken.info\/arendal\/?p=1719"},"modified":"2024-10-03T10:16:39","modified_gmt":"2024-10-03T08:16:39","slug":"kirken-moter-en-ny-kultur","status":"publish","type":"post","link":"https:\/\/adventkirken.info\/arendal\/2024\/10\/kirken-moter-en-ny-kultur\/","title":{"rendered":"Kirken m\u00f8ter en ny kultur"},"content":{"rendered":"\n<p>Kirken drives og motiveres av den oppgave den har f\u00e5tt fra Jesus: \u00c5 gj\u00f8re mange til hans etterf\u00f8lgere. Til alle tider, og s\u00e6rlig i forbindelse med kirkens misjon til nye kontinenter, har man forst\u00e5tt at Jesus budskap m\u00e5 forklares p\u00e5 nye m\u00e5ter som kan forst\u00e5s i den nye kultur. Dette er ogs\u00e5 en utfordring for kirken i Europa i dag &#8211; og for Adventistkirken i Norge. Man henvender seg til et folk som tenker og lever forskjellig fra det man gjorde da Adventismen kom til Norge for ca 150 \u00e5r siden. Hvis kirken fortsetter med \u00e5 fungere i sine tradisjoner, risikerer man at den kulturelle avstand til den generelle befolkning blir st\u00f8rre og st\u00f8rre. Temaet 28 september handlet om denne utfordring. Hvordan bygger vi en bro mellom Bibelens budskap og \u00e5ndelig s\u00f8kende av i dag? Vi fant l\u00e6rdommer fra Bibelens egen historie; s\u00e6rlig fra Apostlenes gjerninger: F. eks. fortellingen om Peter og Kornelius (kap. 10-11), kirkem\u00f8tet i Jerusalem (kap. 15) og Paulus\u2019 tale p\u00e5 Areopagos i Aten (kap. 17). Alle viser hvordan den tidlige menighet var villig til at flytte p\u00e5 sine j\u00f8diske tradisjoner for at bringe personer alle folkeslag inn i menigheten.<\/p>\n\n\n\n<p>Noen utfordrende faktorer som vi talte om, og som gj\u00f8r at mange forholder seg annerledes til organisert religion i v\u00e5r tid, er: <strong>Individualisme<\/strong>. Folk vil v\u00e6re sig selv p\u00e5 egne premisser. Man siger man er ikke religi\u00f8s, men \u00e5ndelig. Man vil ha friheten til at tenke selv og ikke bindes av dogmatikken og forventningene i en organisasjon. Dette er knyttet til verdien av \u00e5 v\u00e6re <strong>autentisk<\/strong>. Man s\u00f8ker mere trofasthet mot sitt indre jeg enn mot en organisasjon. <strong>Mangfold<\/strong> har blitt den nye virkelighet, og er interessant og skaper nysgjerrighet. Et sted der alle tenker likedan, kan lukte av manipulasjon eller en makt. Mange er ogs\u00e5 skeptiske til dem som mener \u00e5 kunne forklare alt. Vi har en <strong>ydmykhet overfor kunnskap<\/strong>, fordi man erkjenner at vi bare kjenner sannheten delvis. Mange ser <strong>\u00e5ndelighet<\/strong> der hvor man lever etter dype verdier, engasjerer seg for sosial rettferdighet og sosialt arbeide, hellere enn i en korrekt dogmatikk. Disse forandringer i mentalitet, gir menigheten en utfordring til \u00e5 m\u00f8te mennesker p\u00e5 nye vilk\u00e5r og samtidig v\u00e6re tro mot Jesu kall og Bibelens budskap.<\/p>\n\n\n\n<figure class=\"wp-block-image aligncenter size-large\"><img loading=\"lazy\" decoding=\"async\" width=\"1024\" height=\"1024\" src=\"https:\/\/adventkirken.info\/arendal\/wp\/wp-content\/uploads\/2024\/10\/bjorn-ottesen-20240928_141150-1024x1024.jpg\" alt=\"\" class=\"wp-image-1720\" srcset=\"https:\/\/adventkirken.info\/arendal\/wp\/wp-content\/uploads\/2024\/10\/bjorn-ottesen-20240928_141150-1024x1024.jpg 1024w, https:\/\/adventkirken.info\/arendal\/wp\/wp-content\/uploads\/2024\/10\/bjorn-ottesen-20240928_141150-300x300.jpg 300w, https:\/\/adventkirken.info\/arendal\/wp\/wp-content\/uploads\/2024\/10\/bjorn-ottesen-20240928_141150-150x150.jpg 150w, https:\/\/adventkirken.info\/arendal\/wp\/wp-content\/uploads\/2024\/10\/bjorn-ottesen-20240928_141150-1536x1536.jpg 1536w, https:\/\/adventkirken.info\/arendal\/wp\/wp-content\/uploads\/2024\/10\/bjorn-ottesen-20240928_141150-2048x2048.jpg 2048w\" sizes=\"auto, (max-width: 1024px) 100vw, 1024px\" \/><figcaption class=\"wp-element-caption\"><em>Foto: Torbj\u00f8rn Fors.<\/em><\/figcaption><\/figure>\n\n\n\n<p><\/p>\n","protected":false},"excerpt":{"rendered":"<p>Kirken drives og motiveres av den oppgave den har f\u00e5tt fra Jesus: \u00c5 gj\u00f8re mange til hans etterf\u00f8lgere. Til alle tider, og s\u00e6rlig i forbindelse med kirkens misjon til nye kontinenter, har man forst\u00e5tt at Jesus budskap m\u00e5 forklares p\u00e5 nye m\u00e5ter som kan forst\u00e5s i den nye kultur. Dette er ogs\u00e5 en utfordring for [&hellip;]<\/p>\n","protected":false},"author":25,"featured_media":1720,"comment_status":"closed","ping_status":"closed","sticky":false,"template":"","format":"standard","meta":{"_uag_custom_page_level_css":"","site-sidebar-layout":"default","site-content-layout":"","ast-site-content-layout":"default","site-content-style":"default","site-sidebar-style":"default","ast-global-header-display":"","ast-banner-title-visibility":"","ast-main-header-display":"","ast-hfb-above-header-display":"","ast-hfb-below-header-display":"","ast-hfb-mobile-header-display":"","site-post-title":"","ast-breadcrumbs-content":"","ast-featured-img":"disabled","footer-sml-layout":"","ast-disable-related-posts":"","theme-transparent-header-meta":"","adv-header-id-meta":"","stick-header-meta":"","header-above-stick-meta":"","header-main-stick-meta":"","header-below-stick-meta":"","astra-migrate-meta-layouts":"set","ast-page-background-enabled":"default","ast-page-background-meta":{"desktop":{"background-color":"","background-image":"","background-repeat":"repeat","background-position":"center center","background-size":"auto","background-attachment":"scroll","background-type":"","background-media":"","overlay-type":"","overlay-color":"","overlay-opacity":"","overlay-gradient":""},"tablet":{"background-color":"","background-image":"","background-repeat":"repeat","background-position":"center center","background-size":"auto","background-attachment":"scroll","background-type":"","background-media":"","overlay-type":"","overlay-color":"","overlay-opacity":"","overlay-gradient":""},"mobile":{"background-color":"","background-image":"","background-repeat":"repeat","background-position":"center center","background-size":"auto","background-attachment":"scroll","background-type":"","background-media":"","overlay-type":"","overlay-color":"","overlay-opacity":"","overlay-gradient":""}},"ast-content-background-meta":{"desktop":{"background-color":"var(--ast-global-color-5)","background-image":"","background-repeat":"repeat","background-position":"center center","background-size":"auto","background-attachment":"scroll","background-type":"","background-media":"","overlay-type":"","overlay-color":"","overlay-opacity":"","overlay-gradient":""},"tablet":{"background-color":"var(--ast-global-color-5)","background-image":"","background-repeat":"repeat","background-position":"center center","background-size":"auto","background-attachment":"scroll","background-type":"","background-media":"","overlay-type":"","overlay-color":"","overlay-opacity":"","overlay-gradient":""},"mobile":{"background-color":"var(--ast-global-color-5)","background-image":"","background-repeat":"repeat","background-position":"center center","background-size":"auto","background-attachment":"scroll","background-type":"","background-media":"","overlay-type":"","overlay-color":"","overlay-opacity":"","overlay-gradient":""}},"footnotes":""},"categories":[8,7,1],"tags":[26,60,64],"class_list":["post-1719","post","type-post","status-publish","format-standard","has-post-thumbnail","hentry","category-gudstjeneste","category-kursseminar","category-variert","tag-adventkirken","tag-gudstjeneste-2","tag-tale"],"uagb_featured_image_src":{"full":["https:\/\/adventkirken.info\/arendal\/wp\/wp-content\/uploads\/2024\/10\/bjorn-ottesen-20240928_141150-scaled.jpg",2560,2560,false],"thumbnail":["https:\/\/adventkirken.info\/arendal\/wp\/wp-content\/uploads\/2024\/10\/bjorn-ottesen-20240928_141150-150x150.jpg",150,150,true],"medium":["https:\/\/adventkirken.info\/arendal\/wp\/wp-content\/uploads\/2024\/10\/bjorn-ottesen-20240928_141150-300x300.jpg",300,300,true],"medium_large":["https:\/\/adventkirken.info\/arendal\/wp\/wp-content\/uploads\/2024\/10\/bjorn-ottesen-20240928_141150-scaled.jpg",2560,2560,false],"large":["https:\/\/adventkirken.info\/arendal\/wp\/wp-content\/uploads\/2024\/10\/bjorn-ottesen-20240928_141150-1024x1024.jpg",1024,1024,true],"1536x1536":["https:\/\/adventkirken.info\/arendal\/wp\/wp-content\/uploads\/2024\/10\/bjorn-ottesen-20240928_141150-1536x1536.jpg",1536,1536,true],"2048x2048":["https:\/\/adventkirken.info\/arendal\/wp\/wp-content\/uploads\/2024\/10\/bjorn-ottesen-20240928_141150-2048x2048.jpg",2048,2048,true]},"uagb_author_info":{"display_name":"Bj\u00f8rn Ottesen","author_link":"https:\/\/adventkirken.info\/arendal\/author\/bjornottesen\/"},"uagb_comment_info":0,"uagb_excerpt":"Kirken drives og motiveres av den oppgave den har f\u00e5tt fra Jesus: \u00c5 gj\u00f8re mange til hans etterf\u00f8lgere. Til alle tider, og s\u00e6rlig i forbindelse med kirkens misjon til nye kontinenter, har man forst\u00e5tt at Jesus budskap m\u00e5 forklares p\u00e5 nye m\u00e5ter som kan forst\u00e5s i den nye kultur. Dette er ogs\u00e5 en utfordring for&hellip;","_links":{"self":[{"href":"https:\/\/adventkirken.info\/arendal\/wp-json\/wp\/v2\/posts\/1719","targetHints":{"allow":["GET"]}}],"collection":[{"href":"https:\/\/adventkirken.info\/arendal\/wp-json\/wp\/v2\/posts"}],"about":[{"href":"https:\/\/adventkirken.info\/arendal\/wp-json\/wp\/v2\/types\/post"}],"author":[{"embeddable":true,"href":"https:\/\/adventkirken.info\/arendal\/wp-json\/wp\/v2\/users\/25"}],"replies":[{"embeddable":true,"href":"https:\/\/adventkirken.info\/arendal\/wp-json\/wp\/v2\/comments?post=1719"}],"version-history":[{"count":0,"href":"https:\/\/adventkirken.info\/arendal\/wp-json\/wp\/v2\/posts\/1719\/revisions"}],"wp:featuredmedia":[{"embeddable":true,"href":"https:\/\/adventkirken.info\/arendal\/wp-json\/wp\/v2\/media\/1720"}],"wp:attachment":[{"href":"https:\/\/adventkirken.info\/arendal\/wp-json\/wp\/v2\/media?parent=1719"}],"wp:term":[{"taxonomy":"category","embeddable":true,"href":"https:\/\/adventkirken.info\/arendal\/wp-json\/wp\/v2\/categories?post=1719"},{"taxonomy":"post_tag","embeddable":true,"href":"https:\/\/adventkirken.info\/arendal\/wp-json\/wp\/v2\/tags?post=1719"}],"curies":[{"name":"wp","href":"https:\/\/api.w.org\/{rel}","templated":true}]}}