{"id":1753,"date":"2024-12-13T09:28:00","date_gmt":"2024-12-13T08:28:00","guid":{"rendered":"https:\/\/adventkirken.info\/arendal\/?p=1753"},"modified":"2024-12-13T09:33:57","modified_gmt":"2024-12-13T08:33:57","slug":"julekonstert-gudstjeneste","status":"publish","type":"post","link":"https:\/\/adventkirken.info\/arendal\/2024\/12\/julekonstert-gudstjeneste\/","title":{"rendered":"Julekonsert\/gudstjeneste"},"content":{"rendered":"\n<figure class=\"wp-block-image size-large\"><img loading=\"lazy\" decoding=\"async\" width=\"1024\" height=\"640\" src=\"https:\/\/adventkirken.info\/arendal\/wp\/wp-content\/uploads\/2024\/12\/ytvtGJ-1024x640.jpg\" alt=\"\" class=\"wp-image-1754\" srcset=\"https:\/\/adventkirken.info\/arendal\/wp\/wp-content\/uploads\/2024\/12\/ytvtGJ-1024x640.jpg 1024w, https:\/\/adventkirken.info\/arendal\/wp\/wp-content\/uploads\/2024\/12\/ytvtGJ-300x188.jpg 300w, https:\/\/adventkirken.info\/arendal\/wp\/wp-content\/uploads\/2024\/12\/ytvtGJ-1536x960.jpg 1536w, https:\/\/adventkirken.info\/arendal\/wp\/wp-content\/uploads\/2024\/12\/ytvtGJ.jpg 1600w\" sizes=\"auto, (max-width: 1024px) 100vw, 1024px\" \/><\/figure>\n\n\n\n<p><\/p>\n\n\n\n<h4 class=\"wp-block-heading\">Lys midt i m\u00f8rket<\/h4>\n\n\n\n<figure class=\"wp-block-image alignright size-full\"><img loading=\"lazy\" decoding=\"async\" width=\"257\" height=\"128\" src=\"https:\/\/adventkirken.info\/arendal\/wp\/wp-content\/uploads\/2024\/12\/TIuxME.png\" alt=\"\" class=\"wp-image-1755\"\/><\/figure>\n\n\n\n<ul class=\"wp-block-list\">\n<li>Julens glade budskap i sang og musikk.<\/li>\n\n\n\n<li>Menighetskor, sanggrupper, duetter, solister.<\/li>\n\n\n\n<li>Julens budskap i tale og ettertanke.<\/li>\n<\/ul>\n\n\n\n<p>I Adventistkirken, Tanken All\u00e9 3, His. L\u00f8rdag 14. desember klokken 12:00. Alle hjertelig velkommen!<\/p>\n\n\n\n<figure class=\"wp-block-image size-large is-resized\"><img loading=\"lazy\" decoding=\"async\" width=\"680\" height=\"510\" src=\"https:\/\/adventkirken.info\/arendal\/wp\/wp-content\/uploads\/2019\/02\/kirken-tangenalle-680x510.jpg\" alt=\"\" class=\"wp-image-701\" style=\"width:1024px\" srcset=\"https:\/\/adventkirken.info\/arendal\/wp\/wp-content\/uploads\/2019\/02\/kirken-tangenalle.jpg 680w, https:\/\/adventkirken.info\/arendal\/wp\/wp-content\/uploads\/2019\/02\/kirken-tangenalle-300x225.jpg 300w\" sizes=\"auto, (max-width: 680px) 100vw, 680px\" \/><\/figure>\n","protected":false},"excerpt":{"rendered":"<p>Lys midt i m\u00f8rket I Adventistkirken, Tanken All\u00e9 3, His. L\u00f8rdag 14. desember klokken 12:00. Alle hjertelig velkommen!<\/p>\n","protected":false},"author":5,"featured_media":1754,"comment_status":"closed","ping_status":"closed","sticky":false,"template":"","format":"standard","meta":{"_uag_custom_page_level_css":"","site-sidebar-layout":"default","site-content-layout":"","ast-site-content-layout":"default","site-content-style":"default","site-sidebar-style":"default","ast-global-header-display":"","ast-banner-title-visibility":"","ast-main-header-display":"","ast-hfb-above-header-display":"","ast-hfb-below-header-display":"","ast-hfb-mobile-header-display":"","site-post-title":"","ast-breadcrumbs-content":"","ast-featured-img":"disabled","footer-sml-layout":"","ast-disable-related-posts":"","theme-transparent-header-meta":"","adv-header-id-meta":"","stick-header-meta":"","header-above-stick-meta":"","header-main-stick-meta":"","header-below-stick-meta":"","astra-migrate-meta-layouts":"set","ast-page-background-enabled":"default","ast-page-background-meta":{"desktop":{"background-color":"","background-image":"","background-repeat":"repeat","background-position":"center center","background-size":"auto","background-attachment":"scroll","background-type":"","background-media":"","overlay-type":"","overlay-color":"","overlay-opacity":"","overlay-gradient":""},"tablet":{"background-color":"","background-image":"","background-repeat":"repeat","background-position":"center center","background-size":"auto","background-attachment":"scroll","background-type":"","background-media":"","overlay-type":"","overlay-color":"","overlay-opacity":"","overlay-gradient":""},"mobile":{"background-color":"","background-image":"","background-repeat":"repeat","background-position":"center center","background-size":"auto","background-attachment":"scroll","background-type":"","background-media":"","overlay-type":"","overlay-color":"","overlay-opacity":"","overlay-gradient":""}},"ast-content-background-meta":{"desktop":{"background-color":"var(--ast-global-color-5)","background-image":"","background-repeat":"repeat","background-position":"center center","background-size":"auto","background-attachment":"scroll","background-type":"","background-media":"","overlay-type":"","overlay-color":"","overlay-opacity":"","overlay-gradient":""},"tablet":{"background-color":"var(--ast-global-color-5)","background-image":"","background-repeat":"repeat","background-position":"center center","background-size":"auto","background-attachment":"scroll","background-type":"","background-media":"","overlay-type":"","overlay-color":"","overlay-opacity":"","overlay-gradient":""},"mobile":{"background-color":"var(--ast-global-color-5)","background-image":"","background-repeat":"repeat","background-position":"center center","background-size":"auto","background-attachment":"scroll","background-type":"","background-media":"","overlay-type":"","overlay-color":"","overlay-opacity":"","overlay-gradient":""}},"footnotes":""},"categories":[8,1],"tags":[130,54],"class_list":["post-1753","post","type-post","status-publish","format-standard","has-post-thumbnail","hentry","category-gudstjeneste","category-variert","tag-jul","tag-konsert"],"uagb_featured_image_src":{"full":["https:\/\/adventkirken.info\/arendal\/wp\/wp-content\/uploads\/2024\/12\/ytvtGJ.jpg",1600,1000,false],"thumbnail":["https:\/\/adventkirken.info\/arendal\/wp\/wp-content\/uploads\/2024\/12\/ytvtGJ-150x150.jpg",150,150,true],"medium":["https:\/\/adventkirken.info\/arendal\/wp\/wp-content\/uploads\/2024\/12\/ytvtGJ-300x188.jpg",300,188,true],"medium_large":["https:\/\/adventkirken.info\/arendal\/wp\/wp-content\/uploads\/2024\/12\/ytvtGJ.jpg",1600,1000,false],"large":["https:\/\/adventkirken.info\/arendal\/wp\/wp-content\/uploads\/2024\/12\/ytvtGJ-1024x640.jpg",1024,640,true],"1536x1536":["https:\/\/adventkirken.info\/arendal\/wp\/wp-content\/uploads\/2024\/12\/ytvtGJ-1536x960.jpg",1536,960,true],"2048x2048":["https:\/\/adventkirken.info\/arendal\/wp\/wp-content\/uploads\/2024\/12\/ytvtGJ.jpg",1600,1000,false]},"uagb_author_info":{"display_name":"Per de Lange","author_link":"https:\/\/adventkirken.info\/arendal\/author\/perdelange\/"},"uagb_comment_info":0,"uagb_excerpt":"Lys midt i m\u00f8rket I Adventistkirken, Tanken All\u00e9 3, His. L\u00f8rdag 14. desember klokken 12:00. Alle hjertelig velkommen!","_links":{"self":[{"href":"https:\/\/adventkirken.info\/arendal\/wp-json\/wp\/v2\/posts\/1753","targetHints":{"allow":["GET"]}}],"collection":[{"href":"https:\/\/adventkirken.info\/arendal\/wp-json\/wp\/v2\/posts"}],"about":[{"href":"https:\/\/adventkirken.info\/arendal\/wp-json\/wp\/v2\/types\/post"}],"author":[{"embeddable":true,"href":"https:\/\/adventkirken.info\/arendal\/wp-json\/wp\/v2\/users\/5"}],"replies":[{"embeddable":true,"href":"https:\/\/adventkirken.info\/arendal\/wp-json\/wp\/v2\/comments?post=1753"}],"version-history":[{"count":0,"href":"https:\/\/adventkirken.info\/arendal\/wp-json\/wp\/v2\/posts\/1753\/revisions"}],"wp:featuredmedia":[{"embeddable":true,"href":"https:\/\/adventkirken.info\/arendal\/wp-json\/wp\/v2\/media\/1754"}],"wp:attachment":[{"href":"https:\/\/adventkirken.info\/arendal\/wp-json\/wp\/v2\/media?parent=1753"}],"wp:term":[{"taxonomy":"category","embeddable":true,"href":"https:\/\/adventkirken.info\/arendal\/wp-json\/wp\/v2\/categories?post=1753"},{"taxonomy":"post_tag","embeddable":true,"href":"https:\/\/adventkirken.info\/arendal\/wp-json\/wp\/v2\/tags?post=1753"}],"curies":[{"name":"wp","href":"https:\/\/api.w.org\/{rel}","templated":true}]}}