{"id":1806,"date":"2025-05-29T14:06:26","date_gmt":"2025-05-29T12:06:26","guid":{"rendered":"https:\/\/adventkirken.info\/arendal\/?p=1806"},"modified":"2025-05-29T14:06:26","modified_gmt":"2025-05-29T12:06:26","slug":"sammen-i-sangen-30-mai","status":"publish","type":"post","link":"https:\/\/adventkirken.info\/arendal\/2025\/05\/sammen-i-sangen-30-mai\/","title":{"rendered":"Sammen i sangen 30. mai"},"content":{"rendered":"\n<p>Fredagen kl.19:00 f\u00e5r vi bes\u00f8k av Vidar Hovden. Han er leder for NBI (Norsk Bibelinstitutt), men elsker ogs\u00e5 musikk og sang. Han vil dele sanger\/musikk med oss og vi skal ogs\u00e5 f\u00e5 v\u00e6re med \u00e5 synge sammen med han. Alle er hjertelig velkomne!<\/p>\n\n\n\n<figure class=\"wp-block-image aligncenter size-full\"><img loading=\"lazy\" decoding=\"async\" width=\"846\" height=\"681\" src=\"https:\/\/adventkirken.info\/arendal\/wp\/wp-content\/uploads\/2025\/05\/sammen-i-sangen-30mai2025.png\" alt=\"\" class=\"wp-image-1807\" srcset=\"https:\/\/adventkirken.info\/arendal\/wp\/wp-content\/uploads\/2025\/05\/sammen-i-sangen-30mai2025.png 846w, https:\/\/adventkirken.info\/arendal\/wp\/wp-content\/uploads\/2025\/05\/sammen-i-sangen-30mai2025-300x241.png 300w\" sizes=\"auto, (max-width: 846px) 100vw, 846px\" \/><\/figure>\n","protected":false},"excerpt":{"rendered":"<p>Fredagen kl.19:00 f\u00e5r vi bes\u00f8k av Vidar Hovden. Han er leder for NBI (Norsk Bibelinstitutt), men elsker ogs\u00e5 musikk og sang. Han vil dele sanger\/musikk med oss og vi skal ogs\u00e5 f\u00e5 v\u00e6re med \u00e5 synge sammen med han. Alle er hjertelig velkomne!<\/p>\n","protected":false},"author":3,"featured_media":1807,"comment_status":"closed","ping_status":"closed","sticky":false,"template":"","format":"standard","meta":{"_uag_custom_page_level_css":"","site-sidebar-layout":"default","site-content-layout":"","ast-site-content-layout":"default","site-content-style":"default","site-sidebar-style":"default","ast-global-header-display":"","ast-banner-title-visibility":"","ast-main-header-display":"","ast-hfb-above-header-display":"","ast-hfb-below-header-display":"","ast-hfb-mobile-header-display":"","site-post-title":"","ast-breadcrumbs-content":"","ast-featured-img":"disabled","footer-sml-layout":"","ast-disable-related-posts":"","theme-transparent-header-meta":"","adv-header-id-meta":"","stick-header-meta":"","header-above-stick-meta":"","header-main-stick-meta":"","header-below-stick-meta":"","astra-migrate-meta-layouts":"set","ast-page-background-enabled":"default","ast-page-background-meta":{"desktop":{"background-color":"","background-image":"","background-repeat":"repeat","background-position":"center center","background-size":"auto","background-attachment":"scroll","background-type":"","background-media":"","overlay-type":"","overlay-color":"","overlay-opacity":"","overlay-gradient":""},"tablet":{"background-color":"","background-image":"","background-repeat":"repeat","background-position":"center center","background-size":"auto","background-attachment":"scroll","background-type":"","background-media":"","overlay-type":"","overlay-color":"","overlay-opacity":"","overlay-gradient":""},"mobile":{"background-color":"","background-image":"","background-repeat":"repeat","background-position":"center center","background-size":"auto","background-attachment":"scroll","background-type":"","background-media":"","overlay-type":"","overlay-color":"","overlay-opacity":"","overlay-gradient":""}},"ast-content-background-meta":{"desktop":{"background-color":"var(--ast-global-color-5)","background-image":"","background-repeat":"repeat","background-position":"center center","background-size":"auto","background-attachment":"scroll","background-type":"","background-media":"","overlay-type":"","overlay-color":"","overlay-opacity":"","overlay-gradient":""},"tablet":{"background-color":"var(--ast-global-color-5)","background-image":"","background-repeat":"repeat","background-position":"center center","background-size":"auto","background-attachment":"scroll","background-type":"","background-media":"","overlay-type":"","overlay-color":"","overlay-opacity":"","overlay-gradient":""},"mobile":{"background-color":"var(--ast-global-color-5)","background-image":"","background-repeat":"repeat","background-position":"center center","background-size":"auto","background-attachment":"scroll","background-type":"","background-media":"","overlay-type":"","overlay-color":"","overlay-opacity":"","overlay-gradient":""}},"footnotes":""},"categories":[1],"tags":[56,174,57],"class_list":["post-1806","post","type-post","status-publish","format-standard","has-post-thumbnail","hentry","category-variert","tag-musikk","tag-nbi","tag-sang"],"uagb_featured_image_src":{"full":["https:\/\/adventkirken.info\/arendal\/wp\/wp-content\/uploads\/2025\/05\/sammen-i-sangen-30mai2025.png",846,681,false],"thumbnail":["https:\/\/adventkirken.info\/arendal\/wp\/wp-content\/uploads\/2025\/05\/sammen-i-sangen-30mai2025-150x150.png",150,150,true],"medium":["https:\/\/adventkirken.info\/arendal\/wp\/wp-content\/uploads\/2025\/05\/sammen-i-sangen-30mai2025-300x241.png",300,241,true],"medium_large":["https:\/\/adventkirken.info\/arendal\/wp\/wp-content\/uploads\/2025\/05\/sammen-i-sangen-30mai2025.png",846,681,false],"large":["https:\/\/adventkirken.info\/arendal\/wp\/wp-content\/uploads\/2025\/05\/sammen-i-sangen-30mai2025.png",846,681,false],"1536x1536":["https:\/\/adventkirken.info\/arendal\/wp\/wp-content\/uploads\/2025\/05\/sammen-i-sangen-30mai2025.png",846,681,false],"2048x2048":["https:\/\/adventkirken.info\/arendal\/wp\/wp-content\/uploads\/2025\/05\/sammen-i-sangen-30mai2025.png",846,681,false]},"uagb_author_info":{"display_name":"Torbj\u00f8rn Fors","author_link":"https:\/\/adventkirken.info\/arendal\/author\/torbjorn\/"},"uagb_comment_info":0,"uagb_excerpt":"Fredagen kl.19:00 f\u00e5r vi bes\u00f8k av Vidar Hovden. Han er leder for NBI (Norsk Bibelinstitutt), men elsker ogs\u00e5 musikk og sang. Han vil dele sanger\/musikk med oss og vi skal ogs\u00e5 f\u00e5 v\u00e6re med \u00e5 synge sammen med han. Alle er hjertelig velkomne!","_links":{"self":[{"href":"https:\/\/adventkirken.info\/arendal\/wp-json\/wp\/v2\/posts\/1806","targetHints":{"allow":["GET"]}}],"collection":[{"href":"https:\/\/adventkirken.info\/arendal\/wp-json\/wp\/v2\/posts"}],"about":[{"href":"https:\/\/adventkirken.info\/arendal\/wp-json\/wp\/v2\/types\/post"}],"author":[{"embeddable":true,"href":"https:\/\/adventkirken.info\/arendal\/wp-json\/wp\/v2\/users\/3"}],"replies":[{"embeddable":true,"href":"https:\/\/adventkirken.info\/arendal\/wp-json\/wp\/v2\/comments?post=1806"}],"version-history":[{"count":0,"href":"https:\/\/adventkirken.info\/arendal\/wp-json\/wp\/v2\/posts\/1806\/revisions"}],"wp:featuredmedia":[{"embeddable":true,"href":"https:\/\/adventkirken.info\/arendal\/wp-json\/wp\/v2\/media\/1807"}],"wp:attachment":[{"href":"https:\/\/adventkirken.info\/arendal\/wp-json\/wp\/v2\/media?parent=1806"}],"wp:term":[{"taxonomy":"category","embeddable":true,"href":"https:\/\/adventkirken.info\/arendal\/wp-json\/wp\/v2\/categories?post=1806"},{"taxonomy":"post_tag","embeddable":true,"href":"https:\/\/adventkirken.info\/arendal\/wp-json\/wp\/v2\/tags?post=1806"}],"curies":[{"name":"wp","href":"https:\/\/api.w.org\/{rel}","templated":true}]}}