{"id":25,"date":"2005-09-22T16:29:19","date_gmt":"2005-09-22T14:29:19","guid":{"rendered":"https:\/\/adventkirken.info\/arendal\/2005\/09\/vekkelse_og_beredelse_for_jesu_gjenkomst\/"},"modified":"2024-07-05T10:15:11","modified_gmt":"2024-07-05T08:15:11","slug":"vekkelse-og-beredelse-for-jesu-gjenkomst","status":"publish","type":"post","link":"https:\/\/adventkirken.info\/arendal\/2005\/09\/vekkelse-og-beredelse-for-jesu-gjenkomst\/","title":{"rendered":"Vekkelse og beredelse for Jesu gjenkomst"},"content":{"rendered":"<p>Under dette temaet m\u00f8ttes adventistmenighetene til h\u00f8stm\u00f8te i Grimstad l\u00f8rdag 10. september. Pastor Rolf Kvinge fra \u00d8stfold ledet forsamlingen til ordene fra Jesus selv hvor han uttaler: \u00abMen n\u00e5r Menneskes\u00f8nnen kommer, vil han da finne troen p\u00e5 jorden?\u00bb <!--more--><\/p>\n<p><img loading=\"lazy\" decoding=\"async\" class=\"alignright\" src=\"https:\/\/adventkirken.info\/arendal\/bld\/rolf_kvinge_hostmote.jpg\" alt=\"Rolf Kvinge, h\u00f8stm\u00f8te\" width=\"204\" height=\"223\" \/> Vi opplever mer og mer at sekularismen har f\u00e5tt et veldig grep p\u00e5 menneskene. Samtidig er det grunn til \u00e5 bekymres over teologien i mange kristne lag som synes \u00e5 flyte og bevege seg i alle retninger. Lite synes \u00e5 v\u00e6re tilbake av bibelsk apostolisk tro og tillit. Derfor er det verd \u00e5 ta Jesu advarsel p\u00e5 alvor: \u00abS\u00e5 v\u00e5k da! For dere vet ikke hva dag deres Herre kommer.\u00bb (Matt. 24:42).<\/p>\n<p>I tillegg til vekkelse sp\u00f8r vi, hvem kan lose oss trygt gjennom livet til et endelig fellesskap med Gud i hans rike? Her la taleren vekt p\u00e5 appellen fra Det nye testamenet: \u00abDa vi har s\u00e5 stor en sky av vitner omkring oss, s\u00e5 la oss legge bort alt som tynger, og synden som s\u00e5 lett henger seg p\u00e5 oss, og holde ut i det l\u00f8p som er lagt opp for oss, med blikket festet p\u00e5 ham som er troens opphavsmann og fullender, Jesus.\u00bb (Hebr. 12:1-2).<\/p>\n<p>En Kristus-sentrert frelsesvei m\u00e5 igjen komme i fokus. Det tales om \u00e5nd og kraft, undergjerninger og mirakler. Det gj\u00f8r ogs\u00e5 Bibelen, mens \u00c5ndens gjerning er f\u00f8rst og fremst \u00e5 fremheve Kristus. \u00abMen n\u00e5r han kommer, sannhetens \u00c5nd, skal han veilede dere til den fulle sannhet &#8230; Han skal forherlige meg, for han skal ta av det som er mitt, og forkynne det for dere.\u00bb (Joh. 16:13-14).<\/p>\n<p>\u00c5ndens funksjon for en kristen er utrolig viktig. Vi m\u00e5 stadig v\u00e6re \u00e5pen for \u00c5ndens p\u00e5virkning til det gode, men huske p\u00e5 at Hellig\u00e5nden er gitt oss for \u00e5 \u00e5pne v\u00e5r hjerted\u00f8r for Kristus selv. \u00c5ndens virke er gitt for \u00e5 f\u00f8re Kristus inn i v\u00e5re liv. At vi i 2005 m\u00e5 kunne oppleve og si som apostelen Paulus sa: \u00abKristus i dere, h\u00e5pet om Herlighet.\u00bb (Kol. 1:27) eller \u00abKristus lever i meg\u00bb (Gal. 2:20). Skjer dette i v\u00e5re liv vil Jesu lengsel bli oppfylt da han sa; \u00abBli i meg, s\u00e5 blir jeg i dere.\u00bb (Joh. 15:4).<\/p>\n","protected":false},"excerpt":{"rendered":"<p>Under dette temaet m\u00f8ttes adventistmenighetene til h\u00f8stm\u00f8te i Grimstad l\u00f8rdag 10. september. Pastor Rolf Kvinge fra \u00d8stfold ledet forsamlingen til ordene fra Jesus selv hvor han uttaler: \u00abMen n\u00e5r Menneskes\u00f8nnen kommer, vil han da finne troen p\u00e5 jorden?\u00bb<\/p>\n","protected":false},"author":2,"featured_media":0,"comment_status":"closed","ping_status":"closed","sticky":false,"template":"","format":"standard","meta":{"_uag_custom_page_level_css":"","site-sidebar-layout":"default","site-content-layout":"","ast-site-content-layout":"default","site-content-style":"default","site-sidebar-style":"default","ast-global-header-display":"","ast-banner-title-visibility":"","ast-main-header-display":"","ast-hfb-above-header-display":"","ast-hfb-below-header-display":"","ast-hfb-mobile-header-display":"","site-post-title":"","ast-breadcrumbs-content":"","ast-featured-img":"","footer-sml-layout":"","ast-disable-related-posts":"","theme-transparent-header-meta":"","adv-header-id-meta":"","stick-header-meta":"","header-above-stick-meta":"","header-main-stick-meta":"","header-below-stick-meta":"","astra-migrate-meta-layouts":"default","ast-page-background-enabled":"default","ast-page-background-meta":{"desktop":{"background-color":"","background-image":"","background-repeat":"repeat","background-position":"center center","background-size":"auto","background-attachment":"scroll","background-type":"","background-media":"","overlay-type":"","overlay-color":"","overlay-opacity":"","overlay-gradient":""},"tablet":{"background-color":"","background-image":"","background-repeat":"repeat","background-position":"center center","background-size":"auto","background-attachment":"scroll","background-type":"","background-media":"","overlay-type":"","overlay-color":"","overlay-opacity":"","overlay-gradient":""},"mobile":{"background-color":"","background-image":"","background-repeat":"repeat","background-position":"center center","background-size":"auto","background-attachment":"scroll","background-type":"","background-media":"","overlay-type":"","overlay-color":"","overlay-opacity":"","overlay-gradient":""}},"ast-content-background-meta":{"desktop":{"background-color":"var(--ast-global-color-5)","background-image":"","background-repeat":"repeat","background-position":"center center","background-size":"auto","background-attachment":"scroll","background-type":"","background-media":"","overlay-type":"","overlay-color":"","overlay-opacity":"","overlay-gradient":""},"tablet":{"background-color":"var(--ast-global-color-5)","background-image":"","background-repeat":"repeat","background-position":"center center","background-size":"auto","background-attachment":"scroll","background-type":"","background-media":"","overlay-type":"","overlay-color":"","overlay-opacity":"","overlay-gradient":""},"mobile":{"background-color":"var(--ast-global-color-5)","background-image":"","background-repeat":"repeat","background-position":"center center","background-size":"auto","background-attachment":"scroll","background-type":"","background-media":"","overlay-type":"","overlay-color":"","overlay-opacity":"","overlay-gradient":""}},"footnotes":""},"categories":[8,7],"tags":[103,104,73,39,105,62,106,107,77,108],"class_list":["post-25","post","type-post","status-publish","format-standard","hentry","category-gudstjeneste","category-kursseminar","tag-anden","tag-apostel","tag-bibelen","tag-grimstad","tag-jesu-gjenkomst","tag-jesus","tag-kristne","tag-kvinge","tag-paulus","tag-vekkelse"],"uagb_featured_image_src":{"full":false,"thumbnail":false,"medium":false,"medium_large":false,"large":false,"1536x1536":false,"2048x2048":false},"uagb_author_info":{"display_name":"Webredakt\u00f8r","author_link":"https:\/\/adventkirken.info\/arendal\/author\/webredaktor\/"},"uagb_comment_info":0,"uagb_excerpt":"Under dette temaet m\u00f8ttes adventistmenighetene til h\u00f8stm\u00f8te i Grimstad l\u00f8rdag 10. september. Pastor Rolf Kvinge fra \u00d8stfold ledet forsamlingen til ordene fra Jesus selv hvor han uttaler: \u00abMen n\u00e5r Menneskes\u00f8nnen kommer, vil han da finne troen p\u00e5 jorden?\u00bb","_links":{"self":[{"href":"https:\/\/adventkirken.info\/arendal\/wp-json\/wp\/v2\/posts\/25","targetHints":{"allow":["GET"]}}],"collection":[{"href":"https:\/\/adventkirken.info\/arendal\/wp-json\/wp\/v2\/posts"}],"about":[{"href":"https:\/\/adventkirken.info\/arendal\/wp-json\/wp\/v2\/types\/post"}],"author":[{"embeddable":true,"href":"https:\/\/adventkirken.info\/arendal\/wp-json\/wp\/v2\/users\/2"}],"replies":[{"embeddable":true,"href":"https:\/\/adventkirken.info\/arendal\/wp-json\/wp\/v2\/comments?post=25"}],"version-history":[{"count":0,"href":"https:\/\/adventkirken.info\/arendal\/wp-json\/wp\/v2\/posts\/25\/revisions"}],"wp:attachment":[{"href":"https:\/\/adventkirken.info\/arendal\/wp-json\/wp\/v2\/media?parent=25"}],"wp:term":[{"taxonomy":"category","embeddable":true,"href":"https:\/\/adventkirken.info\/arendal\/wp-json\/wp\/v2\/categories?post=25"},{"taxonomy":"post_tag","embeddable":true,"href":"https:\/\/adventkirken.info\/arendal\/wp-json\/wp\/v2\/tags?post=25"}],"curies":[{"name":"wp","href":"https:\/\/api.w.org\/{rel}","templated":true}]}}