{"id":29,"date":"2007-02-22T16:58:41","date_gmt":"2007-02-22T15:58:41","guid":{"rendered":"https:\/\/adventkirken.info\/arendal\/2007\/02\/lev_langsomheten_der_du_moter_deg_selv_i_bonn\/"},"modified":"2024-07-05T10:15:11","modified_gmt":"2024-07-05T08:15:11","slug":"lev-langsomheten-der-du-moter-deg-selv-i-bonn","status":"publish","type":"post","link":"https:\/\/adventkirken.info\/arendal\/2007\/02\/lev-langsomheten-der-du-moter-deg-selv-i-bonn\/","title":{"rendered":"Lev langsomheten der du m\u00f8ter deg selv i b\u00f8nn"},"content":{"rendered":"<p>Resym\u00e9 fra gudstjenesten i Adventkirken i Arendal sabbaten 17. februar 2007. <!--more--><\/p>\n<p><img loading=\"lazy\" decoding=\"async\" class=\"alignright\" src=\"https:\/\/adventkirken.info\/arendal\/bld\/evelina_fors_skyer_og_solstraler.jpg\" alt=\"Skyer og sol\" width=\"320\" height=\"240\" \/> \u00abJeg vil s\u00e5 gjerne vite, begripe og forst\u00e5<br \/>\nVil holde ting i h\u00e5nden, vil ta og f\u00f8le p\u00e5<br \/>\n\u00c5 h\u00e5pe er \u00e5 leve i det man ikke vet<br \/>\n\u00e5 hvile i en tro p\u00e5 en gjestmild evighet.\u00bb<\/p>\n<p>\u00abHerren r\u00e5der over tiden<br \/>\nOver tid og evighet<br \/>\nOg han ber deg ta vare p\u00e5 din tid<br \/>\nOg tjene Gud med ditt liv.\u00bb<\/p>\n<p>Jesus var avhengig av et n\u00e6rt forhold til sin Far. I denne n\u00e6rheten vandret han. Jesus inviterte Maria til \u00e5 stoppe opp, sette seg stille ned for \u00e5 lytte til livets ord. Nikodemus tok i mot den samme utfordringen fra Jesus. En invitasjon om \u00e5 g\u00e5 sammen hjem, i et et tett fellesskap, omvendt, nyf\u00f8dt, inn i evigheten med Gud.<\/p>\n<p>I all v\u00e5r hast finner vi kanskje ikke tid til denne stunden, dette rommet for eksistensiell undring, tiden for b\u00f8nn. Eller kanskje v\u00e5ger vi ikke. V\u00e5ge \u00e5 stoppe opp, vente, lytte til hva Jesus har \u00e5 si.<\/p>\n<p>Jesus kommer oss l\u00f8pende i m\u00f8te. Han har valgt oss. Han forteller oss, \u00abdu er mer enn du er blitt til n\u00e5\u00bb. Med en invitasjon om en vandring sammen, p\u00e5 veien hjem. Evigheten venter. Reisen med Gud starter i dag. Og varer inn i evigheten. Hvis du og jeg v\u00e5ger \u00e5 stoppe opp og finne rommet som er der i langsomheten.<\/p>\n<p>\u00abDet fins et sted som alle eier<br \/>\nOg det ligger bare der<br \/>\nDet kan hende at Guds veier<br \/>\nOg dine egne m\u00f8tes her.<br \/>\nDet fins et friminutt i tiden,<br \/>\nIngen vet hvor du har ditt<br \/>\n&gt;Skal du holde ut i striden,<br \/>\nb\u00f8r du f\u00f8lge stien hit.\u00bb<\/p>\n<p><em>Hilsen Sanggruppen \u00abLevende liv\u00bb. (Foto: Evelina Fors.)<\/em><\/p>\n","protected":false},"excerpt":{"rendered":"<p>Resym\u00e9 fra gudstjenesten i Adventkirken i Arendal sabbaten 17. februar 2007.<\/p>\n","protected":false},"author":2,"featured_media":0,"comment_status":"closed","ping_status":"closed","sticky":false,"template":"","format":"standard","meta":{"_uag_custom_page_level_css":"","site-sidebar-layout":"default","site-content-layout":"","ast-site-content-layout":"default","site-content-style":"default","site-sidebar-style":"default","ast-global-header-display":"","ast-banner-title-visibility":"","ast-main-header-display":"","ast-hfb-above-header-display":"","ast-hfb-below-header-display":"","ast-hfb-mobile-header-display":"","site-post-title":"","ast-breadcrumbs-content":"","ast-featured-img":"","footer-sml-layout":"","ast-disable-related-posts":"","theme-transparent-header-meta":"","adv-header-id-meta":"","stick-header-meta":"","header-above-stick-meta":"","header-main-stick-meta":"","header-below-stick-meta":"","astra-migrate-meta-layouts":"default","ast-page-background-enabled":"default","ast-page-background-meta":{"desktop":{"background-color":"","background-image":"","background-repeat":"repeat","background-position":"center center","background-size":"auto","background-attachment":"scroll","background-type":"","background-media":"","overlay-type":"","overlay-color":"","overlay-opacity":"","overlay-gradient":""},"tablet":{"background-color":"","background-image":"","background-repeat":"repeat","background-position":"center center","background-size":"auto","background-attachment":"scroll","background-type":"","background-media":"","overlay-type":"","overlay-color":"","overlay-opacity":"","overlay-gradient":""},"mobile":{"background-color":"","background-image":"","background-repeat":"repeat","background-position":"center center","background-size":"auto","background-attachment":"scroll","background-type":"","background-media":"","overlay-type":"","overlay-color":"","overlay-opacity":"","overlay-gradient":""}},"ast-content-background-meta":{"desktop":{"background-color":"var(--ast-global-color-5)","background-image":"","background-repeat":"repeat","background-position":"center center","background-size":"auto","background-attachment":"scroll","background-type":"","background-media":"","overlay-type":"","overlay-color":"","overlay-opacity":"","overlay-gradient":""},"tablet":{"background-color":"var(--ast-global-color-5)","background-image":"","background-repeat":"repeat","background-position":"center center","background-size":"auto","background-attachment":"scroll","background-type":"","background-media":"","overlay-type":"","overlay-color":"","overlay-opacity":"","overlay-gradient":""},"mobile":{"background-color":"var(--ast-global-color-5)","background-image":"","background-repeat":"repeat","background-position":"center center","background-size":"auto","background-attachment":"scroll","background-type":"","background-media":"","overlay-type":"","overlay-color":"","overlay-opacity":"","overlay-gradient":""}},"footnotes":""},"categories":[8],"tags":[88,68,60,62,89,90,57,64],"class_list":["post-29","post","type-post","status-publish","format-standard","hentry","category-gudstjeneste","tag-bonn","tag-gud","tag-gudstjeneste-2","tag-jesus","tag-maria","tag-nikodemus","tag-sang","tag-tale"],"uagb_featured_image_src":{"full":false,"thumbnail":false,"medium":false,"medium_large":false,"large":false,"1536x1536":false,"2048x2048":false},"uagb_author_info":{"display_name":"Webredakt\u00f8r","author_link":"https:\/\/adventkirken.info\/arendal\/author\/webredaktor\/"},"uagb_comment_info":0,"uagb_excerpt":"Resym\u00e9 fra gudstjenesten i Adventkirken i Arendal sabbaten 17. februar 2007.","_links":{"self":[{"href":"https:\/\/adventkirken.info\/arendal\/wp-json\/wp\/v2\/posts\/29","targetHints":{"allow":["GET"]}}],"collection":[{"href":"https:\/\/adventkirken.info\/arendal\/wp-json\/wp\/v2\/posts"}],"about":[{"href":"https:\/\/adventkirken.info\/arendal\/wp-json\/wp\/v2\/types\/post"}],"author":[{"embeddable":true,"href":"https:\/\/adventkirken.info\/arendal\/wp-json\/wp\/v2\/users\/2"}],"replies":[{"embeddable":true,"href":"https:\/\/adventkirken.info\/arendal\/wp-json\/wp\/v2\/comments?post=29"}],"version-history":[{"count":0,"href":"https:\/\/adventkirken.info\/arendal\/wp-json\/wp\/v2\/posts\/29\/revisions"}],"wp:attachment":[{"href":"https:\/\/adventkirken.info\/arendal\/wp-json\/wp\/v2\/media?parent=29"}],"wp:term":[{"taxonomy":"category","embeddable":true,"href":"https:\/\/adventkirken.info\/arendal\/wp-json\/wp\/v2\/categories?post=29"},{"taxonomy":"post_tag","embeddable":true,"href":"https:\/\/adventkirken.info\/arendal\/wp-json\/wp\/v2\/tags?post=29"}],"curies":[{"name":"wp","href":"https:\/\/api.w.org\/{rel}","templated":true}]}}