{"id":30,"date":"2007-02-08T17:12:39","date_gmt":"2007-02-08T16:12:39","guid":{"rendered":"https:\/\/adventkirken.info\/arendal\/2007\/02\/horer_du_guds_stemme\/"},"modified":"2024-07-05T10:15:11","modified_gmt":"2024-07-05T08:15:11","slug":"horer-du-guds-stemme","status":"publish","type":"post","link":"https:\/\/adventkirken.info\/arendal\/2007\/02\/horer-du-guds-stemme\/","title":{"rendered":"H\u00f8rer du Guds stemme?"},"content":{"rendered":"<p>Resym\u00e9 fra gudstjenesten i Adventkirken i Arendal sabbaten 3. februar. <!--more--><\/p>\n<p>Gjennom Bibelen har vi f\u00e5tt en fantastisk \u00e5penbaring fra Gud. Men Guds \u00e5penbaring begrenser seg ikke til det skrevne ord. Ogs\u00e5 gjennom b\u00f8nn og gjennom naturen taler Gud til mennesker. Men han velger ogs\u00e5 andre m\u00e5ter \u00e5 kommunisere p\u00e5. Guds profeter fikk \u00e5penbaringer og dr\u00f8mmer. Noen m\u00f8tte engler p\u00e5 sin vei. Vitnesbyrdet fra enkeltmennesker har ogs\u00e5 v\u00e6rt en viktig m\u00e5te for Gud \u00e5 n\u00e5 mennesker p\u00e5. Hvordan Gud vil tale til den enkelte i dag kan nok variere. Vi m\u00e5 bare innrette oss slik at vi kan h\u00f8re n\u00e5r Gud taler til oss.<\/p>\n<p><em>Hilsen pastor Finn F. Eckhoff<\/em><\/p>\n","protected":false},"excerpt":{"rendered":"<p>Resym\u00e9 fra gudstjenesten i Adventkirken i Arendal sabbaten 3. februar.<\/p>\n","protected":false},"author":2,"featured_media":0,"comment_status":"closed","ping_status":"closed","sticky":false,"template":"","format":"standard","meta":{"_uag_custom_page_level_css":"","site-sidebar-layout":"default","site-content-layout":"","ast-site-content-layout":"default","site-content-style":"default","site-sidebar-style":"default","ast-global-header-display":"","ast-banner-title-visibility":"","ast-main-header-display":"","ast-hfb-above-header-display":"","ast-hfb-below-header-display":"","ast-hfb-mobile-header-display":"","site-post-title":"","ast-breadcrumbs-content":"","ast-featured-img":"","footer-sml-layout":"","ast-disable-related-posts":"","theme-transparent-header-meta":"","adv-header-id-meta":"","stick-header-meta":"","header-above-stick-meta":"","header-main-stick-meta":"","header-below-stick-meta":"","astra-migrate-meta-layouts":"default","ast-page-background-enabled":"default","ast-page-background-meta":{"desktop":{"background-color":"","background-image":"","background-repeat":"repeat","background-position":"center center","background-size":"auto","background-attachment":"scroll","background-type":"","background-media":"","overlay-type":"","overlay-color":"","overlay-opacity":"","overlay-gradient":""},"tablet":{"background-color":"","background-image":"","background-repeat":"repeat","background-position":"center center","background-size":"auto","background-attachment":"scroll","background-type":"","background-media":"","overlay-type":"","overlay-color":"","overlay-opacity":"","overlay-gradient":""},"mobile":{"background-color":"","background-image":"","background-repeat":"repeat","background-position":"center center","background-size":"auto","background-attachment":"scroll","background-type":"","background-media":"","overlay-type":"","overlay-color":"","overlay-opacity":"","overlay-gradient":""}},"ast-content-background-meta":{"desktop":{"background-color":"var(--ast-global-color-5)","background-image":"","background-repeat":"repeat","background-position":"center center","background-size":"auto","background-attachment":"scroll","background-type":"","background-media":"","overlay-type":"","overlay-color":"","overlay-opacity":"","overlay-gradient":""},"tablet":{"background-color":"var(--ast-global-color-5)","background-image":"","background-repeat":"repeat","background-position":"center center","background-size":"auto","background-attachment":"scroll","background-type":"","background-media":"","overlay-type":"","overlay-color":"","overlay-opacity":"","overlay-gradient":""},"mobile":{"background-color":"var(--ast-global-color-5)","background-image":"","background-repeat":"repeat","background-position":"center center","background-size":"auto","background-attachment":"scroll","background-type":"","background-media":"","overlay-type":"","overlay-color":"","overlay-opacity":"","overlay-gradient":""}},"footnotes":""},"categories":[8],"tags":[73,92,91,68,60,93,64],"class_list":["post-30","post","type-post","status-publish","format-standard","hentry","category-gudstjeneste","tag-bibelen","tag-eckhoff","tag-engler","tag-gud","tag-gudstjeneste-2","tag-profeter","tag-tale"],"uagb_featured_image_src":{"full":false,"thumbnail":false,"medium":false,"medium_large":false,"large":false,"1536x1536":false,"2048x2048":false},"uagb_author_info":{"display_name":"Webredakt\u00f8r","author_link":"https:\/\/adventkirken.info\/arendal\/author\/webredaktor\/"},"uagb_comment_info":0,"uagb_excerpt":"Resym\u00e9 fra gudstjenesten i Adventkirken i Arendal sabbaten 3. februar.","_links":{"self":[{"href":"https:\/\/adventkirken.info\/arendal\/wp-json\/wp\/v2\/posts\/30","targetHints":{"allow":["GET"]}}],"collection":[{"href":"https:\/\/adventkirken.info\/arendal\/wp-json\/wp\/v2\/posts"}],"about":[{"href":"https:\/\/adventkirken.info\/arendal\/wp-json\/wp\/v2\/types\/post"}],"author":[{"embeddable":true,"href":"https:\/\/adventkirken.info\/arendal\/wp-json\/wp\/v2\/users\/2"}],"replies":[{"embeddable":true,"href":"https:\/\/adventkirken.info\/arendal\/wp-json\/wp\/v2\/comments?post=30"}],"version-history":[{"count":0,"href":"https:\/\/adventkirken.info\/arendal\/wp-json\/wp\/v2\/posts\/30\/revisions"}],"wp:attachment":[{"href":"https:\/\/adventkirken.info\/arendal\/wp-json\/wp\/v2\/media?parent=30"}],"wp:term":[{"taxonomy":"category","embeddable":true,"href":"https:\/\/adventkirken.info\/arendal\/wp-json\/wp\/v2\/categories?post=30"},{"taxonomy":"post_tag","embeddable":true,"href":"https:\/\/adventkirken.info\/arendal\/wp-json\/wp\/v2\/tags?post=30"}],"curies":[{"name":"wp","href":"https:\/\/api.w.org\/{rel}","templated":true}]}}