{"id":38,"date":"2008-06-14T18:32:00","date_gmt":"2008-06-14T16:32:00","guid":{"rendered":"https:\/\/adventkirken.info\/arendal\/2008\/06\/lydopptak_av_gudstjenesten_14_juni\/"},"modified":"2024-07-05T10:15:11","modified_gmt":"2024-07-05T08:15:11","slug":"lydopptak-av-gudstjenesten-14-juni","status":"publish","type":"post","link":"https:\/\/adventkirken.info\/arendal\/2008\/06\/lydopptak-av-gudstjenesten-14-juni\/","title":{"rendered":"Lydopptak av gudstjenesten 14. juni"},"content":{"rendered":"<p><img loading=\"lazy\" decoding=\"async\" class=\"alignright\" title=\"Lydopptak av gudstjenesten 14. juni\" src=\"https:\/\/adventkirken.info\/arendal\/bld\/ftp\/per_de_lange.jpg\" alt=\"\" width=\"111\" height=\"130\" \/> Taler til gudstjenesten i Adventkirken Arendal 14. juni 2008 var Per de Lange, pastor i Adventkirken Arendal. Tema for talen var \u00abN\u00e5degaver\u00bb. Du kan lytte til gudstjenesten i sin helhet ved \u00e5 bruke den f\u00f8rste avspilleren nedenfor, hvis du kun \u00f8nsker \u00e5 lytte til talen kan du bruke den andre avspilleren. <!--more--><\/p>\n<p><strong>Lytt til gudstjenesten (hele)<\/strong><br \/>\n<a href=\"https:\/\/adventkirken.info\/arendal\/media\/gudstjeneste_14juni_2008.mp3\">Klikk for \u00e5 starte og stoppe avspilling<\/a><\/p>\n<p><strong>Lytt til talen (kun talen)<\/strong><br \/>\n<a href=\"https:\/\/adventkirken.info\/arendal\/media\/tale_per_de_lange_14juni_2008.mp3\">Klikk for \u00e5 starte og stoppe avspilling<\/a><\/p>\n","protected":false},"excerpt":{"rendered":"<p>Taler til gudstjenesten i Adventkirken Arendal 14. juni 2008 var Per de Lange, pastor i Adventkirken Arendal. Tema for talen var \u00abN\u00e5degaver\u00bb. Du kan lytte til gudstjenesten i sin helhet ved \u00e5 bruke den f\u00f8rste avspilleren nedenfor, hvis du kun \u00f8nsker \u00e5 lytte til talen kan du bruke den andre avspilleren.<\/p>\n","protected":false},"author":2,"featured_media":0,"comment_status":"closed","ping_status":"closed","sticky":false,"template":"","format":"standard","meta":{"_uag_custom_page_level_css":"","site-sidebar-layout":"default","site-content-layout":"default","ast-site-content-layout":"default","site-content-style":"default","site-sidebar-style":"default","ast-global-header-display":"","ast-banner-title-visibility":"","ast-main-header-display":"","ast-hfb-above-header-display":"","ast-hfb-below-header-display":"","ast-hfb-mobile-header-display":"","site-post-title":"","ast-breadcrumbs-content":"","ast-featured-img":"","footer-sml-layout":"","ast-disable-related-posts":"","theme-transparent-header-meta":"default","adv-header-id-meta":"","stick-header-meta":"default","header-above-stick-meta":"","header-main-stick-meta":"","header-below-stick-meta":"","astra-migrate-meta-layouts":"default","ast-page-background-enabled":"default","ast-page-background-meta":{"desktop":{"background-color":"","background-image":"","background-repeat":"repeat","background-position":"center center","background-size":"auto","background-attachment":"scroll","background-type":"","background-media":"","overlay-type":"","overlay-color":"","overlay-opacity":"","overlay-gradient":""},"tablet":{"background-color":"","background-image":"","background-repeat":"repeat","background-position":"center center","background-size":"auto","background-attachment":"scroll","background-type":"","background-media":"","overlay-type":"","overlay-color":"","overlay-opacity":"","overlay-gradient":""},"mobile":{"background-color":"","background-image":"","background-repeat":"repeat","background-position":"center center","background-size":"auto","background-attachment":"scroll","background-type":"","background-media":"","overlay-type":"","overlay-color":"","overlay-opacity":"","overlay-gradient":""}},"ast-content-background-meta":{"desktop":{"background-color":"var(--ast-global-color-5)","background-image":"","background-repeat":"repeat","background-position":"center center","background-size":"auto","background-attachment":"scroll","background-type":"","background-media":"","overlay-type":"","overlay-color":"","overlay-opacity":"","overlay-gradient":""},"tablet":{"background-color":"var(--ast-global-color-5)","background-image":"","background-repeat":"repeat","background-position":"center center","background-size":"auto","background-attachment":"scroll","background-type":"","background-media":"","overlay-type":"","overlay-color":"","overlay-opacity":"","overlay-gradient":""},"mobile":{"background-color":"var(--ast-global-color-5)","background-image":"","background-repeat":"repeat","background-position":"center center","background-size":"auto","background-attachment":"scroll","background-type":"","background-media":"","overlay-type":"","overlay-color":"","overlay-opacity":"","overlay-gradient":""}},"footnotes":""},"categories":[8,9],"tags":[70,68,60,61,69,64],"class_list":["post-38","post","type-post","status-publish","format-standard","hentry","category-gudstjeneste","category-lydopptak","tag-de-lange","tag-gud","tag-gudstjeneste-2","tag-lydopptak-2","tag-nade","tag-tale"],"uagb_featured_image_src":{"full":false,"thumbnail":false,"medium":false,"medium_large":false,"large":false,"1536x1536":false,"2048x2048":false},"uagb_author_info":{"display_name":"Webredakt\u00f8r","author_link":"https:\/\/adventkirken.info\/arendal\/author\/webredaktor\/"},"uagb_comment_info":0,"uagb_excerpt":"Taler til gudstjenesten i Adventkirken Arendal 14. juni 2008 var Per de Lange, pastor i Adventkirken Arendal. Tema for talen var \u00abN\u00e5degaver\u00bb. Du kan lytte til gudstjenesten i sin helhet ved \u00e5 bruke den f\u00f8rste avspilleren nedenfor, hvis du kun \u00f8nsker \u00e5 lytte til talen kan du bruke den andre avspilleren.","_links":{"self":[{"href":"https:\/\/adventkirken.info\/arendal\/wp-json\/wp\/v2\/posts\/38","targetHints":{"allow":["GET"]}}],"collection":[{"href":"https:\/\/adventkirken.info\/arendal\/wp-json\/wp\/v2\/posts"}],"about":[{"href":"https:\/\/adventkirken.info\/arendal\/wp-json\/wp\/v2\/types\/post"}],"author":[{"embeddable":true,"href":"https:\/\/adventkirken.info\/arendal\/wp-json\/wp\/v2\/users\/2"}],"replies":[{"embeddable":true,"href":"https:\/\/adventkirken.info\/arendal\/wp-json\/wp\/v2\/comments?post=38"}],"version-history":[{"count":0,"href":"https:\/\/adventkirken.info\/arendal\/wp-json\/wp\/v2\/posts\/38\/revisions"}],"wp:attachment":[{"href":"https:\/\/adventkirken.info\/arendal\/wp-json\/wp\/v2\/media?parent=38"}],"wp:term":[{"taxonomy":"category","embeddable":true,"href":"https:\/\/adventkirken.info\/arendal\/wp-json\/wp\/v2\/categories?post=38"},{"taxonomy":"post_tag","embeddable":true,"href":"https:\/\/adventkirken.info\/arendal\/wp-json\/wp\/v2\/tags?post=38"}],"curies":[{"name":"wp","href":"https:\/\/api.w.org\/{rel}","templated":true}]}}