{"id":40,"date":"2005-05-07T19:23:18","date_gmt":"2005-05-07T17:23:18","guid":{"rendered":"https:\/\/adventkirken.info\/arendal\/2005\/05\/menighetsturen_til_vegartun_varen_2005\/"},"modified":"2024-07-05T10:15:11","modified_gmt":"2024-07-05T08:15:11","slug":"menighetsturen-til-vegartun-varen-2005","status":"publish","type":"post","link":"https:\/\/adventkirken.info\/arendal\/2005\/05\/menighetsturen-til-vegartun-varen-2005\/","title":{"rendered":"Menighetsturen til Veg\u00e5rtun v\u00e5ren 2005"},"content":{"rendered":"<p>S\u00e5 var menighetsturen sammen med venner fra Mandal, Kristiansand, Skien, Porsgrunn og Sauherad menighet over for denne gang. Temaet var fra Salme 23 i Bibelen, et flott tema som ble belyst med sang og musikk i talene\/andaktene. N\u00e5r det hele foreg\u00e5r p\u00e5 et s\u00e5 vakkert sted som Veg\u00e5rtun ved Veg\u00e5rvann s\u00e5 ble opplevelsen helt topp. <!--more--><\/p>\n<p>En tradisjon vi har pr\u00f8vd \u00e5 holde vedlike er \u00e5 ha de kreative bibelopplevelsene og b\u00e5tseilasen, et annet fast innslag er fisketuren. Tidlig en morgen, med bl\u00e5 himmel, speilblankt vann og lyden av orrhanens spill, rodde\/padlet vi ut til stedet hvor vi hadde satt garn dagen f\u00f8r, det var en flott opplevelse og veldig spennende for speiderne. I \u00e5r ble det helt topp. Vi fikk 7 tryter og 7 \u00f8rret som speiderne senere renset. Takk til alle som var med \u00e5 gj\u00f8re denne helgen s\u00e5 herlig, og takk til Gud for alt det fine han har skapt!<\/p>\n<p><strong>M\u00f8te med allsang<\/strong><\/p>\n<p><img loading=\"lazy\" decoding=\"async\" src=\"https:\/\/adventkirken.info\/arendal\/bld\/1vegartun05.jpg\" alt=\"\" width=\"480\" height=\"300\" \/><\/p>\n<p><strong>Padling i Veg\u00e5rvann<\/strong><\/p>\n<p><img loading=\"lazy\" decoding=\"async\" src=\"https:\/\/adventkirken.info\/arendal\/bld\/2vegartun05.jpg\" alt=\"\" width=\"480\" height=\"300\" \/><\/p>\n<p><strong>Padling i Veg\u00e5rvann 2<\/strong><\/p>\n<p><img loading=\"lazy\" decoding=\"async\" src=\"https:\/\/adventkirken.info\/arendal\/bld\/3vegartun05.jpg\" alt=\"\" width=\"480\" height=\"300\" \/><\/p>\n<p><strong>Stolte fiskere<\/strong><\/p>\n<p><img loading=\"lazy\" decoding=\"async\" src=\"https:\/\/adventkirken.info\/arendal\/bld\/4vegartun05.jpg\" alt=\"\" width=\"480\" height=\"300\" \/><\/p>\n<p><strong>Fiskefangsten<\/strong><\/p>\n<p><img loading=\"lazy\" decoding=\"async\" src=\"https:\/\/adventkirken.info\/arendal\/bld\/5vegartun05.jpg\" alt=\"\" width=\"480\" height=\"300\" \/><\/p>\n<p><strong>B\u00e5tseilasen-deltager<\/strong><\/p>\n<p><img loading=\"lazy\" decoding=\"async\" src=\"https:\/\/adventkirken.info\/arendal\/bld\/6vegartun05.jpg\" alt=\"\" width=\"480\" height=\"300\" \/><\/p>\n","protected":false},"excerpt":{"rendered":"<p>S\u00e5 var menighetsturen sammen med venner fra Mandal, Kristiansand, Skien, Porsgrunn og Sauherad menighet over for denne gang. Temaet var fra Salme 23 i Bibelen, et flott tema som ble belyst med sang og musikk i talene\/andaktene. N\u00e5r det hele foreg\u00e5r p\u00e5 et s\u00e5 vakkert sted som Veg\u00e5rtun ved Veg\u00e5rvann s\u00e5 ble opplevelsen helt topp.<\/p>\n","protected":false},"author":3,"featured_media":0,"comment_status":"closed","ping_status":"closed","sticky":false,"template":"","format":"standard","meta":{"_uag_custom_page_level_css":"","site-sidebar-layout":"default","site-content-layout":"","ast-site-content-layout":"default","site-content-style":"default","site-sidebar-style":"default","ast-global-header-display":"","ast-banner-title-visibility":"","ast-main-header-display":"","ast-hfb-above-header-display":"","ast-hfb-below-header-display":"","ast-hfb-mobile-header-display":"","site-post-title":"","ast-breadcrumbs-content":"","ast-featured-img":"","footer-sml-layout":"","ast-disable-related-posts":"","theme-transparent-header-meta":"","adv-header-id-meta":"","stick-header-meta":"","header-above-stick-meta":"","header-main-stick-meta":"","header-below-stick-meta":"","astra-migrate-meta-layouts":"default","ast-page-background-enabled":"default","ast-page-background-meta":{"desktop":{"background-color":"","background-image":"","background-repeat":"repeat","background-position":"center center","background-size":"auto","background-attachment":"scroll","background-type":"","background-media":"","overlay-type":"","overlay-color":"","overlay-opacity":"","overlay-gradient":""},"tablet":{"background-color":"","background-image":"","background-repeat":"repeat","background-position":"center center","background-size":"auto","background-attachment":"scroll","background-type":"","background-media":"","overlay-type":"","overlay-color":"","overlay-opacity":"","overlay-gradient":""},"mobile":{"background-color":"","background-image":"","background-repeat":"repeat","background-position":"center center","background-size":"auto","background-attachment":"scroll","background-type":"","background-media":"","overlay-type":"","overlay-color":"","overlay-opacity":"","overlay-gradient":""}},"ast-content-background-meta":{"desktop":{"background-color":"var(--ast-global-color-5)","background-image":"","background-repeat":"repeat","background-position":"center center","background-size":"auto","background-attachment":"scroll","background-type":"","background-media":"","overlay-type":"","overlay-color":"","overlay-opacity":"","overlay-gradient":""},"tablet":{"background-color":"var(--ast-global-color-5)","background-image":"","background-repeat":"repeat","background-position":"center center","background-size":"auto","background-attachment":"scroll","background-type":"","background-media":"","overlay-type":"","overlay-color":"","overlay-opacity":"","overlay-gradient":""},"mobile":{"background-color":"var(--ast-global-color-5)","background-image":"","background-repeat":"repeat","background-position":"center center","background-size":"auto","background-attachment":"scroll","background-type":"","background-media":"","overlay-type":"","overlay-color":"","overlay-opacity":"","overlay-gradient":""}},"footnotes":""},"categories":[10],"tags":[18,31,109,32,72,57,22,24,33],"class_list":["post-40","post","type-post","status-publish","format-standard","hentry","category-bilder","tag-bilder-2","tag-fellesskap","tag-fisketur","tag-menighetstur","tag-natur","tag-sang","tag-speider","tag-tur","tag-vegartun"],"uagb_featured_image_src":{"full":false,"thumbnail":false,"medium":false,"medium_large":false,"large":false,"1536x1536":false,"2048x2048":false},"uagb_author_info":{"display_name":"Torbj\u00f8rn Fors","author_link":"https:\/\/adventkirken.info\/arendal\/author\/torbjorn\/"},"uagb_comment_info":0,"uagb_excerpt":"S\u00e5 var menighetsturen sammen med venner fra Mandal, Kristiansand, Skien, Porsgrunn og Sauherad menighet over for denne gang. Temaet var fra Salme 23 i Bibelen, et flott tema som ble belyst med sang og musikk i talene\/andaktene. N\u00e5r det hele foreg\u00e5r p\u00e5 et s\u00e5 vakkert sted som Veg\u00e5rtun ved Veg\u00e5rvann s\u00e5 ble opplevelsen helt topp.","_links":{"self":[{"href":"https:\/\/adventkirken.info\/arendal\/wp-json\/wp\/v2\/posts\/40","targetHints":{"allow":["GET"]}}],"collection":[{"href":"https:\/\/adventkirken.info\/arendal\/wp-json\/wp\/v2\/posts"}],"about":[{"href":"https:\/\/adventkirken.info\/arendal\/wp-json\/wp\/v2\/types\/post"}],"author":[{"embeddable":true,"href":"https:\/\/adventkirken.info\/arendal\/wp-json\/wp\/v2\/users\/3"}],"replies":[{"embeddable":true,"href":"https:\/\/adventkirken.info\/arendal\/wp-json\/wp\/v2\/comments?post=40"}],"version-history":[{"count":0,"href":"https:\/\/adventkirken.info\/arendal\/wp-json\/wp\/v2\/posts\/40\/revisions"}],"wp:attachment":[{"href":"https:\/\/adventkirken.info\/arendal\/wp-json\/wp\/v2\/media?parent=40"}],"wp:term":[{"taxonomy":"category","embeddable":true,"href":"https:\/\/adventkirken.info\/arendal\/wp-json\/wp\/v2\/categories?post=40"},{"taxonomy":"post_tag","embeddable":true,"href":"https:\/\/adventkirken.info\/arendal\/wp-json\/wp\/v2\/tags?post=40"}],"curies":[{"name":"wp","href":"https:\/\/api.w.org\/{rel}","templated":true}]}}