{"id":43,"date":"2008-07-30T06:17:09","date_gmt":"2008-07-30T04:17:09","guid":{"rendered":"https:\/\/adventkirken.info\/arendal\/2008\/07\/menighetsbilder_sommeren_2008\/"},"modified":"2024-07-05T10:15:11","modified_gmt":"2024-07-05T08:15:11","slug":"menighetsbilder-sommeren-2008","status":"publish","type":"post","link":"https:\/\/adventkirken.info\/arendal\/2008\/07\/menighetsbilder-sommeren-2008\/","title":{"rendered":"Menighetsbilder sommeren 2008"},"content":{"rendered":"<p><img loading=\"lazy\" decoding=\"async\" class=\"alignright\" src=\"https:\/\/adventkirken.info\/arendal\/bld\/ftp\/menighetsbilder_sommeren_08.jpg\" title=\"Menighetsbilder sommeren 2008\" alt=\"\" width=\"111\" height=\"130\" \/> I forbindelse med lanseringen av nye nettsider s\u00f8ndag kveld 27. juli, trengte vi nye bilder av menigheten til bruk i designet \u2013 og p\u00e5 tross av at det er sommer og mange er p\u00e5 ferie, ble kirketrappa fullpakka da vi stilte oss opp til en liten fotoseanse etter gudstjenesten l\u00f8rdag 26. juli. Her kan du se bildene! <!--more--><\/p>\n<p><strong>P\u00e5 tross av ferietid ble kirketrappa full<\/strong><\/p>\n<p><img loading=\"lazy\" decoding=\"async\" src=\"https:\/\/adventkirken.info\/arendal\/bld\/1menigheten26juli08.jpg\" alt=\"\" width=\"580\" height=\"435\" \/><\/p>\n<p><strong>Se hvor vi smiler og ler!<\/strong><\/p>\n<p><img loading=\"lazy\" decoding=\"async\" src=\"https:\/\/adventkirken.info\/arendal\/bld\/2menigheten26juli08.jpg\" alt=\"\" width=\"580\" height=\"435\" \/><\/p>\n<p><strong>En munter og glad menighet!<\/strong><\/p>\n<p><img loading=\"lazy\" decoding=\"async\" src=\"https:\/\/adventkirken.info\/arendal\/bld\/3menigheten26juli08.jpg\" alt=\"\" width=\"580\" height=\"435\" \/><\/p>\n<p><strong>Fra siden slik at vi f\u00e5r med kirkeskiltet<\/strong><\/p>\n<p><img loading=\"lazy\" decoding=\"async\" src=\"https:\/\/adventkirken.info\/arendal\/bld\/4menigheten26juli08.jpg\" alt=\"\" width=\"580\" height=\"773\" \/><\/p>\n<p><strong>Menigheten og kirka i all sin prakt!<\/strong><\/p>\n<p><img loading=\"lazy\" decoding=\"async\" src=\"https:\/\/adventkirken.info\/arendal\/bld\/5menigheten26juli08.jpg\" alt=\"\" width=\"580\" height=\"435\" \/><\/p>\n<p><strong>F\u00e5 tilsendt bildene<\/strong><\/p>\n<p>Du kan f\u00e5 tilsendt originalen av bildene i full st\u00f8rrelse p\u00e5 e-post. For \u00e5 bestille dem tar du kontakt via kontaktskjemaet p\u00e5 <a href=\"https:\/\/adventkirken.info\/arendal\/kontakt\">kontaktsiden v\u00e5r<\/a>.<\/p>\n","protected":false},"excerpt":{"rendered":"<p>I forbindelse med lanseringen av nye nettsider s\u00f8ndag kveld 27. juli, trengte vi nye bilder av menigheten til bruk i designet \u2013 og p\u00e5 tross av at det er sommer og mange er p\u00e5 ferie, ble kirketrappa fullpakka da vi stilte oss opp til en liten fotoseanse etter gudstjenesten l\u00f8rdag 26. juli. Her kan du [&hellip;]<\/p>\n","protected":false},"author":2,"featured_media":0,"comment_status":"closed","ping_status":"closed","sticky":false,"template":"","format":"standard","meta":{"_uag_custom_page_level_css":"","site-sidebar-layout":"default","site-content-layout":"","ast-site-content-layout":"default","site-content-style":"default","site-sidebar-style":"default","ast-global-header-display":"","ast-banner-title-visibility":"","ast-main-header-display":"","ast-hfb-above-header-display":"","ast-hfb-below-header-display":"","ast-hfb-mobile-header-display":"","site-post-title":"","ast-breadcrumbs-content":"","ast-featured-img":"","footer-sml-layout":"","ast-disable-related-posts":"","theme-transparent-header-meta":"","adv-header-id-meta":"","stick-header-meta":"","header-above-stick-meta":"","header-main-stick-meta":"","header-below-stick-meta":"","astra-migrate-meta-layouts":"default","ast-page-background-enabled":"default","ast-page-background-meta":{"desktop":{"background-color":"","background-image":"","background-repeat":"repeat","background-position":"center center","background-size":"auto","background-attachment":"scroll","background-type":"","background-media":"","overlay-type":"","overlay-color":"","overlay-opacity":"","overlay-gradient":""},"tablet":{"background-color":"","background-image":"","background-repeat":"repeat","background-position":"center center","background-size":"auto","background-attachment":"scroll","background-type":"","background-media":"","overlay-type":"","overlay-color":"","overlay-opacity":"","overlay-gradient":""},"mobile":{"background-color":"","background-image":"","background-repeat":"repeat","background-position":"center center","background-size":"auto","background-attachment":"scroll","background-type":"","background-media":"","overlay-type":"","overlay-color":"","overlay-opacity":"","overlay-gradient":""}},"ast-content-background-meta":{"desktop":{"background-color":"var(--ast-global-color-5)","background-image":"","background-repeat":"repeat","background-position":"center center","background-size":"auto","background-attachment":"scroll","background-type":"","background-media":"","overlay-type":"","overlay-color":"","overlay-opacity":"","overlay-gradient":""},"tablet":{"background-color":"var(--ast-global-color-5)","background-image":"","background-repeat":"repeat","background-position":"center center","background-size":"auto","background-attachment":"scroll","background-type":"","background-media":"","overlay-type":"","overlay-color":"","overlay-opacity":"","overlay-gradient":""},"mobile":{"background-color":"var(--ast-global-color-5)","background-image":"","background-repeat":"repeat","background-position":"center center","background-size":"auto","background-attachment":"scroll","background-type":"","background-media":"","overlay-type":"","overlay-color":"","overlay-opacity":"","overlay-gradient":""}},"footnotes":""},"categories":[10],"tags":[26,18,52],"class_list":["post-43","post","type-post","status-publish","format-standard","hentry","category-bilder","tag-adventkirken","tag-bilder-2","tag-menigheten"],"uagb_featured_image_src":{"full":false,"thumbnail":false,"medium":false,"medium_large":false,"large":false,"1536x1536":false,"2048x2048":false},"uagb_author_info":{"display_name":"Webredakt\u00f8r","author_link":"https:\/\/adventkirken.info\/arendal\/author\/webredaktor\/"},"uagb_comment_info":0,"uagb_excerpt":"I forbindelse med lanseringen av nye nettsider s\u00f8ndag kveld 27. juli, trengte vi nye bilder av menigheten til bruk i designet \u2013 og p\u00e5 tross av at det er sommer og mange er p\u00e5 ferie, ble kirketrappa fullpakka da vi stilte oss opp til en liten fotoseanse etter gudstjenesten l\u00f8rdag 26. juli. Her kan du&hellip;","_links":{"self":[{"href":"https:\/\/adventkirken.info\/arendal\/wp-json\/wp\/v2\/posts\/43","targetHints":{"allow":["GET"]}}],"collection":[{"href":"https:\/\/adventkirken.info\/arendal\/wp-json\/wp\/v2\/posts"}],"about":[{"href":"https:\/\/adventkirken.info\/arendal\/wp-json\/wp\/v2\/types\/post"}],"author":[{"embeddable":true,"href":"https:\/\/adventkirken.info\/arendal\/wp-json\/wp\/v2\/users\/2"}],"replies":[{"embeddable":true,"href":"https:\/\/adventkirken.info\/arendal\/wp-json\/wp\/v2\/comments?post=43"}],"version-history":[{"count":0,"href":"https:\/\/adventkirken.info\/arendal\/wp-json\/wp\/v2\/posts\/43\/revisions"}],"wp:attachment":[{"href":"https:\/\/adventkirken.info\/arendal\/wp-json\/wp\/v2\/media?parent=43"}],"wp:term":[{"taxonomy":"category","embeddable":true,"href":"https:\/\/adventkirken.info\/arendal\/wp-json\/wp\/v2\/categories?post=43"},{"taxonomy":"post_tag","embeddable":true,"href":"https:\/\/adventkirken.info\/arendal\/wp-json\/wp\/v2\/tags?post=43"}],"curies":[{"name":"wp","href":"https:\/\/api.w.org\/{rel}","templated":true}]}}