{"id":47,"date":"2008-10-24T14:15:58","date_gmt":"2008-10-24T12:15:58","guid":{"rendered":"https:\/\/adventkirken.info\/arendal\/2008\/10\/konsert_med_sanggruppen_lontano\/"},"modified":"2024-07-05T10:15:11","modified_gmt":"2024-07-05T08:15:11","slug":"konsert-med-sanggruppen-lontano","status":"publish","type":"post","link":"https:\/\/adventkirken.info\/arendal\/2008\/10\/konsert-med-sanggruppen-lontano\/","title":{"rendered":"Konsert med sanggruppen Lontano"},"content":{"rendered":"<p>Under h\u00f8stm\u00f8tet i Grimstad l\u00f8rdag 27. september, holdt sanggruppen Lontano en flott konsert under temaet \u00abHver natt blir dagen f\u00f8dt\u00bb. H\u00f8stm\u00f8tet ble avholdt i Grimstad Frikirke, og ble en flott samling for s\u00f8rlandsmenighetene \u2013 og da Lontano holdt konserten, ble dette en riktig fin avslutning p\u00e5 h\u00f8stm\u00f8tet. <!--more--><\/p>\n<p><img loading=\"lazy\" decoding=\"async\" src=\"https:\/\/adventkirken.info\/arendal\/bld\/hostmote2008grimstad1.jpg\" alt=\"\" width=\"580\" height=\"388\" \/><\/p>\n<p><img loading=\"lazy\" decoding=\"async\" src=\"https:\/\/adventkirken.info\/arendal\/bld\/hostmote2008grimstad2.jpg\" alt=\"\" width=\"580\" height=\"388\" \/><\/p>\n","protected":false},"excerpt":{"rendered":"<p>Under h\u00f8stm\u00f8tet i Grimstad l\u00f8rdag 27. september, holdt sanggruppen Lontano en flott konsert under temaet \u00abHver natt blir dagen f\u00f8dt\u00bb. H\u00f8stm\u00f8tet ble avholdt i Grimstad Frikirke, og ble en flott samling for s\u00f8rlandsmenighetene \u2013 og da Lontano holdt konserten, ble dette en riktig fin avslutning p\u00e5 h\u00f8stm\u00f8tet.<\/p>\n","protected":false},"author":2,"featured_media":0,"comment_status":"closed","ping_status":"closed","sticky":false,"template":"","format":"standard","meta":{"_uag_custom_page_level_css":"","site-sidebar-layout":"default","site-content-layout":"default","ast-site-content-layout":"default","site-content-style":"default","site-sidebar-style":"default","ast-global-header-display":"","ast-banner-title-visibility":"","ast-main-header-display":"","ast-hfb-above-header-display":"","ast-hfb-below-header-display":"","ast-hfb-mobile-header-display":"","site-post-title":"","ast-breadcrumbs-content":"","ast-featured-img":"","footer-sml-layout":"","ast-disable-related-posts":"","theme-transparent-header-meta":"default","adv-header-id-meta":"","stick-header-meta":"default","header-above-stick-meta":"","header-main-stick-meta":"","header-below-stick-meta":"","astra-migrate-meta-layouts":"default","ast-page-background-enabled":"default","ast-page-background-meta":{"desktop":{"background-color":"","background-image":"","background-repeat":"repeat","background-position":"center center","background-size":"auto","background-attachment":"scroll","background-type":"","background-media":"","overlay-type":"","overlay-color":"","overlay-opacity":"","overlay-gradient":""},"tablet":{"background-color":"","background-image":"","background-repeat":"repeat","background-position":"center center","background-size":"auto","background-attachment":"scroll","background-type":"","background-media":"","overlay-type":"","overlay-color":"","overlay-opacity":"","overlay-gradient":""},"mobile":{"background-color":"","background-image":"","background-repeat":"repeat","background-position":"center center","background-size":"auto","background-attachment":"scroll","background-type":"","background-media":"","overlay-type":"","overlay-color":"","overlay-opacity":"","overlay-gradient":""}},"ast-content-background-meta":{"desktop":{"background-color":"var(--ast-global-color-5)","background-image":"","background-repeat":"repeat","background-position":"center center","background-size":"auto","background-attachment":"scroll","background-type":"","background-media":"","overlay-type":"","overlay-color":"","overlay-opacity":"","overlay-gradient":""},"tablet":{"background-color":"var(--ast-global-color-5)","background-image":"","background-repeat":"repeat","background-position":"center center","background-size":"auto","background-attachment":"scroll","background-type":"","background-media":"","overlay-type":"","overlay-color":"","overlay-opacity":"","overlay-gradient":""},"mobile":{"background-color":"var(--ast-global-color-5)","background-image":"","background-repeat":"repeat","background-position":"center center","background-size":"auto","background-attachment":"scroll","background-type":"","background-media":"","overlay-type":"","overlay-color":"","overlay-opacity":"","overlay-gradient":""}},"footnotes":""},"categories":[1],"tags":[54,55,56,57,58],"class_list":["post-47","post","type-post","status-publish","format-standard","hentry","category-variert","tag-konsert","tag-lontano","tag-musikk","tag-sang","tag-sanggruppe"],"uagb_featured_image_src":{"full":false,"thumbnail":false,"medium":false,"medium_large":false,"large":false,"1536x1536":false,"2048x2048":false},"uagb_author_info":{"display_name":"Webredakt\u00f8r","author_link":"https:\/\/adventkirken.info\/arendal\/author\/webredaktor\/"},"uagb_comment_info":0,"uagb_excerpt":"Under h\u00f8stm\u00f8tet i Grimstad l\u00f8rdag 27. september, holdt sanggruppen Lontano en flott konsert under temaet \u00abHver natt blir dagen f\u00f8dt\u00bb. H\u00f8stm\u00f8tet ble avholdt i Grimstad Frikirke, og ble en flott samling for s\u00f8rlandsmenighetene \u2013 og da Lontano holdt konserten, ble dette en riktig fin avslutning p\u00e5 h\u00f8stm\u00f8tet.","_links":{"self":[{"href":"https:\/\/adventkirken.info\/arendal\/wp-json\/wp\/v2\/posts\/47","targetHints":{"allow":["GET"]}}],"collection":[{"href":"https:\/\/adventkirken.info\/arendal\/wp-json\/wp\/v2\/posts"}],"about":[{"href":"https:\/\/adventkirken.info\/arendal\/wp-json\/wp\/v2\/types\/post"}],"author":[{"embeddable":true,"href":"https:\/\/adventkirken.info\/arendal\/wp-json\/wp\/v2\/users\/2"}],"replies":[{"embeddable":true,"href":"https:\/\/adventkirken.info\/arendal\/wp-json\/wp\/v2\/comments?post=47"}],"version-history":[{"count":0,"href":"https:\/\/adventkirken.info\/arendal\/wp-json\/wp\/v2\/posts\/47\/revisions"}],"wp:attachment":[{"href":"https:\/\/adventkirken.info\/arendal\/wp-json\/wp\/v2\/media?parent=47"}],"wp:term":[{"taxonomy":"category","embeddable":true,"href":"https:\/\/adventkirken.info\/arendal\/wp-json\/wp\/v2\/categories?post=47"},{"taxonomy":"post_tag","embeddable":true,"href":"https:\/\/adventkirken.info\/arendal\/wp-json\/wp\/v2\/tags?post=47"}],"curies":[{"name":"wp","href":"https:\/\/api.w.org\/{rel}","templated":true}]}}