{"id":670,"date":"2018-08-20T15:20:27","date_gmt":"2018-08-20T13:20:27","guid":{"rendered":"https:\/\/adventkirken.info\/arendal\/?p=670"},"modified":"2024-07-05T10:15:09","modified_gmt":"2024-07-05T08:15:09","slug":"arendalsuka-2018","status":"publish","type":"post","link":"https:\/\/adventkirken.info\/arendal\/2018\/08\/arendalsuka-2018\/","title":{"rendered":"Arendalsuka 2018"},"content":{"rendered":"<p>Adventistkirken i Arendal var tilbake p\u00e5 Arendalsuka 2018. Denne gangen ble det plass 176. Arendalsuka vokser og vi var et av de 200 stands som var satt opp i hele Arendal fra torget ned til Pollen med fullriggeren S\u00f8rlandet p\u00e5 ene siden og Norges st\u00f8rste og eldste skv\u00e6rriggete seilskip Statsraad Lehmkuhl p\u00e5 den andre siden.<!--more--><\/p>\n<p>Mandag 13. august ble stand rigget opp med informasjon om Adventistkirken i Arendal, diverse litteratur og blader om v\u00e5r tro, b\u00f8nnekort og den kommende Hjelpeaksjonen med ADRA Norge. Det ble mange interessante samtaler ved v\u00e5res teltplass nr. 176 med litt vegetariske smakspr\u00f8ver og frukt. Fredag 17. august var siste dag og vi sier takk til alle som kom innom for en prat og velkommen til v\u00e5r kirke p\u00e5 Klevgaten 5 i Arendal.<\/p>\n<p><a href=\"https:\/\/adventkirken.info\/arendal\/wp\/wp-content\/uploads\/2018\/08\/Arendalsuken18.jpg\"><img loading=\"lazy\" decoding=\"async\" class=\"alignnone wp-image-671 size-large\" src=\"https:\/\/adventkirken.info\/arendal\/wp\/wp-content\/uploads\/2018\/08\/Arendalsuken18-510x680.jpg\" alt=\"\" width=\"510\" height=\"680\" srcset=\"https:\/\/adventkirken.info\/arendal\/wp\/wp-content\/uploads\/2018\/08\/Arendalsuken18-510x680.jpg 510w, https:\/\/adventkirken.info\/arendal\/wp\/wp-content\/uploads\/2018\/08\/Arendalsuken18-225x300.jpg 225w, https:\/\/adventkirken.info\/arendal\/wp\/wp-content\/uploads\/2018\/08\/Arendalsuken18.jpg 1080w\" sizes=\"auto, (max-width: 510px) 100vw, 510px\" \/><\/a><br \/>\n<em>(Foto: Gunn Ommundsen)<\/em><\/p>\n","protected":false},"excerpt":{"rendered":"<p>Adventistkirken i Arendal var tilbake p\u00e5 Arendalsuka 2018. Denne gangen ble det plass 176. Arendalsuka vokser og vi var et av de 200 stands som var satt opp i hele Arendal fra torget ned til Pollen med fullriggeren S\u00f8rlandet p\u00e5 ene siden og Norges st\u00f8rste og eldste skv\u00e6rriggete seilskip Statsraad Lehmkuhl p\u00e5 den andre siden.<\/p>\n","protected":false},"author":3,"featured_media":671,"comment_status":"closed","ping_status":"closed","sticky":false,"template":"","format":"standard","meta":{"_uag_custom_page_level_css":"","site-sidebar-layout":"default","site-content-layout":"default","ast-site-content-layout":"default","site-content-style":"default","site-sidebar-style":"default","ast-global-header-display":"","ast-banner-title-visibility":"","ast-main-header-display":"","ast-hfb-above-header-display":"","ast-hfb-below-header-display":"","ast-hfb-mobile-header-display":"","site-post-title":"","ast-breadcrumbs-content":"","ast-featured-img":"disabled","footer-sml-layout":"","ast-disable-related-posts":"","theme-transparent-header-meta":"default","adv-header-id-meta":"","stick-header-meta":"default","header-above-stick-meta":"","header-main-stick-meta":"","header-below-stick-meta":"","astra-migrate-meta-layouts":"default","ast-page-background-enabled":"default","ast-page-background-meta":{"desktop":{"background-color":"","background-image":"","background-repeat":"repeat","background-position":"center center","background-size":"auto","background-attachment":"scroll","background-type":"","background-media":"","overlay-type":"","overlay-color":"","overlay-opacity":"","overlay-gradient":""},"tablet":{"background-color":"","background-image":"","background-repeat":"repeat","background-position":"center center","background-size":"auto","background-attachment":"scroll","background-type":"","background-media":"","overlay-type":"","overlay-color":"","overlay-opacity":"","overlay-gradient":""},"mobile":{"background-color":"","background-image":"","background-repeat":"repeat","background-position":"center center","background-size":"auto","background-attachment":"scroll","background-type":"","background-media":"","overlay-type":"","overlay-color":"","overlay-opacity":"","overlay-gradient":""}},"ast-content-background-meta":{"desktop":{"background-color":"var(--ast-global-color-5)","background-image":"","background-repeat":"repeat","background-position":"center center","background-size":"auto","background-attachment":"scroll","background-type":"","background-media":"","overlay-type":"","overlay-color":"","overlay-opacity":"","overlay-gradient":""},"tablet":{"background-color":"var(--ast-global-color-5)","background-image":"","background-repeat":"repeat","background-position":"center center","background-size":"auto","background-attachment":"scroll","background-type":"","background-media":"","overlay-type":"","overlay-color":"","overlay-opacity":"","overlay-gradient":""},"mobile":{"background-color":"var(--ast-global-color-5)","background-image":"","background-repeat":"repeat","background-position":"center center","background-size":"auto","background-attachment":"scroll","background-type":"","background-media":"","overlay-type":"","overlay-color":"","overlay-opacity":"","overlay-gradient":""}},"footnotes":""},"categories":[1],"tags":[11,38,153],"class_list":["post-670","post","type-post","status-publish","format-standard","has-post-thumbnail","hentry","category-variert","tag-aktiviteter","tag-arendal","tag-arendalsuka"],"uagb_featured_image_src":{"full":["https:\/\/adventkirken.info\/arendal\/wp\/wp-content\/uploads\/2018\/08\/Arendalsuken18.jpg",1080,1440,false],"thumbnail":["https:\/\/adventkirken.info\/arendal\/wp\/wp-content\/uploads\/2018\/08\/Arendalsuken18-111x130.jpg",111,130,true],"medium":["https:\/\/adventkirken.info\/arendal\/wp\/wp-content\/uploads\/2018\/08\/Arendalsuken18-225x300.jpg",225,300,true],"medium_large":["https:\/\/adventkirken.info\/arendal\/wp\/wp-content\/uploads\/2018\/08\/Arendalsuken18.jpg",1080,1440,false],"large":["https:\/\/adventkirken.info\/arendal\/wp\/wp-content\/uploads\/2018\/08\/Arendalsuken18-510x680.jpg",510,680,true],"1536x1536":["https:\/\/adventkirken.info\/arendal\/wp\/wp-content\/uploads\/2018\/08\/Arendalsuken18.jpg",1080,1440,false],"2048x2048":["https:\/\/adventkirken.info\/arendal\/wp\/wp-content\/uploads\/2018\/08\/Arendalsuken18.jpg",1080,1440,false]},"uagb_author_info":{"display_name":"Torbj\u00f8rn Fors","author_link":"https:\/\/adventkirken.info\/arendal\/author\/torbjorn\/"},"uagb_comment_info":0,"uagb_excerpt":"Adventistkirken i Arendal var tilbake p\u00e5 Arendalsuka 2018. Denne gangen ble det plass 176. Arendalsuka vokser og vi var et av de 200 stands som var satt opp i hele Arendal fra torget ned til Pollen med fullriggeren S\u00f8rlandet p\u00e5 ene siden og Norges st\u00f8rste og eldste skv\u00e6rriggete seilskip Statsraad Lehmkuhl p\u00e5 den andre siden.","_links":{"self":[{"href":"https:\/\/adventkirken.info\/arendal\/wp-json\/wp\/v2\/posts\/670","targetHints":{"allow":["GET"]}}],"collection":[{"href":"https:\/\/adventkirken.info\/arendal\/wp-json\/wp\/v2\/posts"}],"about":[{"href":"https:\/\/adventkirken.info\/arendal\/wp-json\/wp\/v2\/types\/post"}],"author":[{"embeddable":true,"href":"https:\/\/adventkirken.info\/arendal\/wp-json\/wp\/v2\/users\/3"}],"replies":[{"embeddable":true,"href":"https:\/\/adventkirken.info\/arendal\/wp-json\/wp\/v2\/comments?post=670"}],"version-history":[{"count":0,"href":"https:\/\/adventkirken.info\/arendal\/wp-json\/wp\/v2\/posts\/670\/revisions"}],"wp:featuredmedia":[{"embeddable":true,"href":"https:\/\/adventkirken.info\/arendal\/wp-json\/wp\/v2\/media\/671"}],"wp:attachment":[{"href":"https:\/\/adventkirken.info\/arendal\/wp-json\/wp\/v2\/media?parent=670"}],"wp:term":[{"taxonomy":"category","embeddable":true,"href":"https:\/\/adventkirken.info\/arendal\/wp-json\/wp\/v2\/categories?post=670"},{"taxonomy":"post_tag","embeddable":true,"href":"https:\/\/adventkirken.info\/arendal\/wp-json\/wp\/v2\/tags?post=670"}],"curies":[{"name":"wp","href":"https:\/\/api.w.org\/{rel}","templated":true}]}}